{"id":2512,"date":"2019-02-05T12:39:42","date_gmt":"2019-02-05T14:39:42","guid":{"rendered":"http:\/\/dgospel.com.br\/portal\/?p=2512"},"modified":"2019-02-05T12:39:42","modified_gmt":"2019-02-05T14:39:42","slug":"vice-governador-prestigia-posse-do-novo-defensor-publico-geral-e-reafirma-compromisso-do-governo-com-os-poderes","status":"publish","type":"post","link":"https:\/\/dgospel.com.br\/portal\/index.php\/2019\/02\/05\/vice-governador-prestigia-posse-do-novo-defensor-publico-geral-e-reafirma-compromisso-do-governo-com-os-poderes\/","title":{"rendered":"Vice-governador prestigia posse do novo Defensor P\u00fablico-Geral e reafirma compromisso do Governo com os poderes"},"content":{"rendered":"<p>O vice-governador do Tocantins, Wanderlei Barbosa, representou o governador,\u00a0Mauro Carlesse, na solenidade de posse do novo defensor p\u00fablico-geral do Estado,\u00a0F\u00e1bio Monteiro dos Santos, para o bi\u00eanio 2019\/2021.\u00a0A solenidade ocorreu na manh\u00e3 desta segunda-feira, 4,no audit\u00f3rio da Defensoria P\u00fablica, em Palmas.<\/p>\n<p>Na ocasi\u00e3o, o vice-governador, al\u00e9m de destacar o importante papel desempenhado pela Defensoria P\u00fablica, desejou sucesso ao novo Defensor P\u00fablico-Geral e reafirmou o compromisso do Governo de manter uma boa rela\u00e7\u00e3o institucional com os poderes. \u201cDesejo uma excelente gest\u00e3o e refor\u00e7o que \u00e9 extremamente importante esta uni\u00e3o entre os poderes para o desenvolvimento do Estado\u201d, ressaltou.<\/p>\n<p>A solenidade de posse\u00a0tamb\u00e9m foi prestigiada pelo superintendente de Defensores P\u00fablicos, Murilo da Costa Machado; pelo presidente do Tribunal de Justi\u00e7a do Estado do Tocantins, desembargador Helv\u00e9cio Brito Maia Neto; presidente da Assembleia Legislativa do Estado do Tocantins, Toinho Andrade; presidente do Tribunal de Contas do Estado, conselheiro Manoel Pires; procurador-geral de Justi\u00e7a no Tocantins, Jos\u00e9 Omar de Almeida Junior; prefeita de Palmas, Cinthia Ribeiro; presidente da C\u00e2mara Municipal de Palmas, Marilon Barbosa; procurador geral do Estado do Tocantins, Nivair Vieira; \u00a0presidente da Associa\u00e7\u00e3o dos Defensores P\u00fablicos do Estado do Tocantins, defensor p\u00fablico Fabr\u00edcio Dias.<\/p>\n","protected":false},"excerpt":{"rendered":"<p>O vice-governador do Tocantins, Wanderlei Barbosa, representou o governador,\u00a0Mauro Carlesse, na solenidade de posse do novo defensor p\u00fablico-geral do Estado,\u00a0F\u00e1bio Monteiro dos Santos, para o bi\u00eanio 2019\/2021.\u00a0A solenidade ocorreu na manh\u00e3 desta segunda-feira, 4,no audit\u00f3rio da Defensoria P\u00fablica, em Palmas. Na ocasi\u00e3o, o vice-governador, al\u00e9m de destacar o importante papel desempenhado pela Defensoria P\u00fablica, desejou [&hellip;]<\/p>\n","protected":false},"author":2,"featured_media":2513,"comment_status":"open","ping_status":"open","sticky":false,"template":"","format":"standard","meta":[],"categories":[2,3],"tags":[],"_links":{"self":[{"href":"https:\/\/dgospel.com.br\/portal\/index.php\/wp-json\/wp\/v2\/posts\/2512"}],"collection":[{"href":"https:\/\/dgospel.com.br\/portal\/index.php\/wp-json\/wp\/v2\/posts"}],"about":[{"href":"https:\/\/dgospel.com.br\/portal\/index.php\/wp-json\/wp\/v2\/types\/post"}],"author":[{"embeddable":true,"href":"https:\/\/dgospel.com.br\/portal\/index.php\/wp-json\/wp\/v2\/users\/2"}],"replies":[{"embeddable":true,"href":"https:\/\/dgospel.com.br\/portal\/index.php\/wp-json\/wp\/v2\/comments?post=2512"}],"version-history":[{"count":1,"href":"https:\/\/dgospel.com.br\/portal\/index.php\/wp-json\/wp\/v2\/posts\/2512\/revisions"}],"predecessor-version":[{"id":2514,"href":"https:\/\/dgospel.com.br\/portal\/index.php\/wp-json\/wp\/v2\/posts\/2512\/revisions\/2514"}],"wp:featuredmedia":[{"embeddable":true,"href":"https:\/\/dgospel.com.br\/portal\/index.php\/wp-json\/wp\/v2\/media\/2513"}],"wp:attachment":[{"href":"https:\/\/dgospel.com.br\/portal\/index.php\/wp-json\/wp\/v2\/media?parent=2512"}],"wp:term":[{"taxonomy":"category","embeddable":true,"href":"https:\/\/dgospel.com.br\/portal\/index.php\/wp-json\/wp\/v2\/categories?post=2512"},{"taxonomy":"post_tag","embeddable":true,"href":"https:\/\/dgospel.com.br\/portal\/index.php\/wp-json\/wp\/v2\/tags?post=2512"}],"curies":[{"name":"wp","href":"https:\/\/api.w.org\/{rel}","templated":true}]}}