{"id":2526,"date":"2019-02-06T00:06:12","date_gmt":"2019-02-06T02:06:12","guid":{"rendered":"http:\/\/dgospel.com.br\/portal\/?p=2526"},"modified":"2019-02-06T00:06:12","modified_gmt":"2019-02-06T02:06:12","slug":"prefeita-cinthia-celebra-relacao-democratica-com-vereadores-e-destaca-planejamento-para-obras-em-palmas","status":"publish","type":"post","link":"https:\/\/dgospel.com.br\/portal\/index.php\/2019\/02\/06\/prefeita-cinthia-celebra-relacao-democratica-com-vereadores-e-destaca-planejamento-para-obras-em-palmas\/","title":{"rendered":"Prefeita Cinthia celebra rela\u00e7\u00e3o democr\u00e1tica com vereadores e destaca planejamento para obras em Palmas"},"content":{"rendered":"<p>Em mensagem aos vereadores de Palmas na abertura do Ano Legislativo de 2019, a prefeita de Palmas, Cinthia Ribeiro, refor\u00e7ou a disposi\u00e7\u00e3o de uni\u00e3o e di\u00e1logo para levar benef\u00edcios e obras aos quatro cantos da Capital. \u201cA sa\u00fade financeira da Prefeitura hoje permite um planejamento respons\u00e1vel que marcar\u00e1 o fim deste ciclo de tr\u00eas d\u00e9cadas e apontar novos horizontes a partir das mudan\u00e7as que implementamos\u201d, disse, em sess\u00e3o na C\u00e2mara Municipal na manh\u00e3 desta ter\u00e7a-feira, 05.<\/p>\n<p class=\"yiv2314983942MsoNormal\">Conforme a prefeita, foi o atual est\u00e1gio da sa\u00fade financeira de Palmas que permitiu \u201cvencer todas as etapas do complexo financiamento com a CAF, subsidiada pelo Banco de Desenvolvimento da Am\u00e9rica Latina\u201d. Na semana passada, t\u00e9cnicos da CAF estiveram em Palmas para definir detalhes do in\u00edcio do lan\u00e7amento dos editais. S\u00e3o previstos US$ 60, 8 milh\u00f5es (aproximadamente R$ 235 milh\u00f5es) em obras de infraestrutura e mobilidade urbana em v\u00e1rios setores de Palmas. \u201cAs obras v\u00e3o transformar a paisagem f\u00edsica de muitos bairros, melhorar a qualidade de vida de quase todos os moradores e aquecer a economia\u201d, destacou a prefeita.<\/p>\n<p class=\"yiv2314983942MsoNormal\">Segundo ela, servi\u00e7os como a pavimenta\u00e7\u00e3o do Jardim Taquari, de quadras antigas do Plano Diretor, complementa\u00e7\u00e3o de avenidas \u201cs\u00e3o obras t\u00e3o sonhadas e aguardadas pelo nosso povo\u201d.<\/p>\n<p class=\"yiv2314983942MsoNormal\">\u201cE tem muito mais para este ano. Temos seis novas creches para entregar, duas novas escolas de tempo integral, mais unidades de sa\u00fade, pontes, benef\u00edcios para a zona rural e muito calor humano para aquecer os cora\u00e7\u00f5es do povo palmense\u201d, disse a prefeita, em seu pronunciamento.<\/p>\n<p class=\"yiv2314983942MsoNormal\">A prefeita Cinthia Ribeiro ressaltou ainda a disposi\u00e7\u00e3o de manter a rela\u00e7\u00e3o institucional e democr\u00e1tica com a C\u00e2mara em benef\u00edcios dos palmenses. \u201cDiante de tantos desafios e boas perspectivas \u00e9 que espero contar com esta Casa, como j\u00e1 ocorreu no ano de 2018, para que tudo aconte\u00e7a no tempo que o cidad\u00e3o espera, com a criteriosa an\u00e1lise e fiscaliza\u00e7\u00e3o deste poder. Em 2018, os senhores deram mostras do compromisso com a cidade, votando e debatendo todos os projetos que aqui chegaram, sem manobras sorrateiras, sem revanchismo, cumprindo com fidelidade o que preceitua a nossa Lei Org\u00e2nica e a Constitui\u00e7\u00e3o\u201d, disse. \u201cDe minha parte, podem esperar o mesmo tratamento respeitoso e republicano demonstrado at\u00e9 aqui e uma maior produtividade na elabora\u00e7\u00e3o de projetos que ser\u00e3o submetidos ao debate neste plen\u00e1rio, sempre em benef\u00edcio do povo de palmas, com a mais absoluta transpar\u00eancia\u201d, complementou.<\/p>\n<p class=\"yiv2314983942MsoNormal\"><b>Vis\u00e3o de futuro<\/b><\/p>\n<p class=\"yiv2314983942MsoNormal\">Para Cinthia Ribeiro, Palmas merece celebrar os 30 anos com vis\u00e3o de futuro, rever\u00eancia \u00e0 hist\u00f3ria e obras estruturantes. \u201cO ano eleitoral acabou. Os palanques foram desfeitos e as arestas foram aparadas. O povo espera de n\u00f3s agora um trabalho redobrado. Disposi\u00e7\u00e3o, capacidade e instrumentos legais n\u00e3o nos faltam. Os 30 anos de palmas merecem ser celebrados n\u00e3o apenas com rever\u00eancia \u00e0 hist\u00f3ria, mas tamb\u00e9m com obras e programas que permitam a Palmas viver de forma din\u00e2mica e vibrante os seus pr\u00f3ximos 30 anos, mantendo o ritmo, mas apertando passo\u201d, frisou.<\/p>\n<p class=\"yiv2314983942MsoNormal\"><b>Rela\u00e7\u00e3o pr\u00f3xima<\/b><\/p>\n<p class=\"yiv2314983942MsoNormal\">Al\u00e9m da boa rela\u00e7\u00e3o com a C\u00e2mara, Cinthia Ribeiro fez quest\u00e3o de afirmar a amplia\u00e7\u00e3o do di\u00e1logo com a bancada federal. \u201cS\u00e3o excelentes as perspectivas para 2019, com a posse dos novos parlamentares. Palmas estar\u00e1 bem representada com s\u00e9rios compromissos j\u00e1 firmados para assegurar os recursos dos importantes projetos que j\u00e1 tramitam nos \u00f3rg\u00e3os federais e de outros que estamos encaminhando\u201d, falou.<\/p>\n<p class=\"yiv2314983942MsoNormal\">Cinthia citou ainda a \u201clinha direta\u201d com o Governo do Estado. \u201cTemos tamb\u00e9m linha direta com o Governo do Estado que reafirmou seu compromisso com a conclus\u00e3o de obras em andamento e novos investimentos.\u201d<\/p>\n<p class=\"yiv2314983942MsoNormal\">Ela descreveu ainda em seu pronunciamento que foi num ambiente de esfor\u00e7o que superou as dificuldades de 2018. Com isso, manteve a folha de pagamento rigorosamente em dia e, em todas as vezes, com pagamentos adiantados, honrando compromissos como a data-base, os dias trabalhados durante a greve da educa\u00e7\u00e3o e outros benef\u00edcios. \u00a0\u201cAs dificuldades n\u00e3o nos impediram de refor\u00e7ar a credibilidade da Prefeitura junto aos fornecedores, de manter o repasse do duoc\u00e9cimo a esta Casa de Leis absolutamente em dia, e honrar com todos os compromissos assumidos.\u00a0Enquanto isso assist\u00edamos estados e munic\u00edpios Brasil afora parcelando sal\u00e1rios, ou at\u00e9 mesmo deixando de honrar a folha de pagamento\u201d, falou Cinthia Ribeiro.<\/p>\n<p class=\"yiv2314983942MsoNormal\">Para a prefeita, Palmas \u201cnum ambiente pol\u00edtico cr\u00edtico em n\u00edvel nacional e estadual, a Prefeitura de Palmas se manteve inabal\u00e1vel, preservando e ampliando a qualidade dos servi\u00e7os p\u00fablicos, com servi\u00e7os de zeladoria, os grandes eventos e, de forma, inegoci\u00e1vel os servi\u00e7os de\u00a0 sa\u00fade e a educa\u00e7\u00e3o que ganharam novas estrat\u00e9gias de atendimento ao cidad\u00e3o\u201d. \u201cDestaco tamb\u00e9m nossos avan\u00e7os na \u00e1rea social, resgatando o protagonismo dos Cras na promo\u00e7\u00e3o humana nos bairros mais populares. Palmas reorganizou sua \u00e1rea de assist\u00eancia social, focando em cursos de gera\u00e7\u00e3o de renda e no emponderamento feminino como forma de fortalecimento da fam\u00edlia\u201d, declarou.<\/p>\n<p class=\"yiv2314983942MsoNormal\">A cria\u00e7\u00e3o do Procon Municipal tamb\u00e9m foi descrita pela prefeita como a\u00e7\u00e3o do Munic\u00edpio em prol da comunidade. \u201cCriamos o Procon Municipal para defender as rela\u00e7\u00f5es de consumo de nossos mun\u00edcipes e refor\u00e7amos a nossa Ag\u00eancia Municipal de Fiscaliza\u00e7\u00e3o e Regula\u00e7\u00e3o, visando estabelecer uma rela\u00e7\u00e3o mais justa com as concession\u00e1rias de servi\u00e7os p\u00fablicos\u201d, finalizou Cinthia Ribeiro.<\/p>\n","protected":false},"excerpt":{"rendered":"<p>Em mensagem aos vereadores de Palmas na abertura do Ano Legislativo de 2019, a prefeita de Palmas, Cinthia Ribeiro, refor\u00e7ou a disposi\u00e7\u00e3o de uni\u00e3o e di\u00e1logo para levar benef\u00edcios e obras aos quatro cantos da Capital. \u201cA sa\u00fade financeira da Prefeitura hoje permite um planejamento respons\u00e1vel que marcar\u00e1 o fim deste ciclo de tr\u00eas d\u00e9cadas [&hellip;]<\/p>\n","protected":false},"author":2,"featured_media":2527,"comment_status":"open","ping_status":"open","sticky":false,"template":"","format":"standard","meta":[],"categories":[2,4],"tags":[],"_links":{"self":[{"href":"https:\/\/dgospel.com.br\/portal\/index.php\/wp-json\/wp\/v2\/posts\/2526"}],"collection":[{"href":"https:\/\/dgospel.com.br\/portal\/index.php\/wp-json\/wp\/v2\/posts"}],"about":[{"href":"https:\/\/dgospel.com.br\/portal\/index.php\/wp-json\/wp\/v2\/types\/post"}],"author":[{"embeddable":true,"href":"https:\/\/dgospel.com.br\/portal\/index.php\/wp-json\/wp\/v2\/users\/2"}],"replies":[{"embeddable":true,"href":"https:\/\/dgospel.com.br\/portal\/index.php\/wp-json\/wp\/v2\/comments?post=2526"}],"version-history":[{"count":1,"href":"https:\/\/dgospel.com.br\/portal\/index.php\/wp-json\/wp\/v2\/posts\/2526\/revisions"}],"predecessor-version":[{"id":2528,"href":"https:\/\/dgospel.com.br\/portal\/index.php\/wp-json\/wp\/v2\/posts\/2526\/revisions\/2528"}],"wp:featuredmedia":[{"embeddable":true,"href":"https:\/\/dgospel.com.br\/portal\/index.php\/wp-json\/wp\/v2\/media\/2527"}],"wp:attachment":[{"href":"https:\/\/dgospel.com.br\/portal\/index.php\/wp-json\/wp\/v2\/media?parent=2526"}],"wp:term":[{"taxonomy":"category","embeddable":true,"href":"https:\/\/dgospel.com.br\/portal\/index.php\/wp-json\/wp\/v2\/categories?post=2526"},{"taxonomy":"post_tag","embeddable":true,"href":"https:\/\/dgospel.com.br\/portal\/index.php\/wp-json\/wp\/v2\/tags?post=2526"}],"curies":[{"name":"wp","href":"https:\/\/api.w.org\/{rel}","templated":true}]}}