{"id":2529,"date":"2019-02-06T00:07:39","date_gmt":"2019-02-06T02:07:39","guid":{"rendered":"http:\/\/dgospel.com.br\/portal\/?p=2529"},"modified":"2019-02-06T00:07:39","modified_gmt":"2019-02-06T02:07:39","slug":"forcas-de-seguranca-discutem-atuacao-no-capital-da-fe-2019","status":"publish","type":"post","link":"https:\/\/dgospel.com.br\/portal\/index.php\/2019\/02\/06\/forcas-de-seguranca-discutem-atuacao-no-capital-da-fe-2019\/","title":{"rendered":"For\u00e7as de seguran\u00e7a discutem atua\u00e7\u00e3o no Capital da F\u00e9 2019"},"content":{"rendered":"<p class=\"yiv7961373681MsoNormal\">A Ag\u00eancia Municipal de Turismo (Agtur) realizou na tarde desta ter\u00e7a-feira, 05, uma reuni\u00e3o com as for\u00e7as de seguran\u00e7a para discutir os preparativos da 5\u00aa edi\u00e7\u00e3o do Palmas Capital da F\u00e9.<\/p>\n<p class=\"yiv7961373681MsoNormal\">\n<p class=\"yiv7961373681MsoNormal\">O objetivo do encontro foi a defini\u00e7\u00e3o da estrat\u00e9gia de seguran\u00e7a do evento, incluindo o efetivo e detalhes t\u00e9cnicos. Estiveram presentes a Pol\u00edcia Militar (PM), a Pol\u00edcia Civil, a Secretaria de Seguran\u00e7a e Mobilidade Urbana (Sesmu) e o Corpo de Bombeiros Militar.<\/p>\n<p class=\"yiv7961373681MsoNormal\">\n<p class=\"yiv7961373681MsoNormal\">Al\u00e9m da aten\u00e7\u00e3o especial ao evento Palmas Capital de F\u00e9, as for\u00e7as de seguran\u00e7a refor\u00e7ar\u00e3o o efetivo em toda a cidade devido a grande quantidade de pessoas que vem de todo o pa\u00eds prestigiar um dos maiores eventos religiosos realizados no per\u00edodo do Carnaval.<\/p>\n<p class=\"yiv7961373681MsoNormal\">\n<p class=\"yiv7961373681MsoNormal\">Simultaneamente ao evento promovido, a Prefeitura de Palmas por meio da Agtur, acontecem cerca de 12 eventos, desde congressos a retiros. \u201cO Palmas Capital da F\u00e9 \u00e9 um evento religioso j\u00e1 consolidado em Palmas, que atrai um grande fluxo de turistas para o munic\u00edpio no per\u00edodo de Carnaval. O destaque \u00e9 o evento ser prop\u00edcio para toda a fam\u00edlia, de jovens, crian\u00e7as a idosos e registrar ocorr\u00eancia zero.<\/p>\n<p class=\"yiv7961373681MsoNormal\">\n<p class=\"yiv7961373681MsoNormal\">As quatro edi\u00e7\u00f5es anteriores registram uma m\u00e9dia de 200 mil pessoas por evento, nos cinco dias da programa\u00e7\u00e3o\u201d, destaca o presidente da Agtur, Eudes Assis.<\/p>\n","protected":false},"excerpt":{"rendered":"<p>A Ag\u00eancia Municipal de Turismo (Agtur) realizou na tarde desta ter\u00e7a-feira, 05, uma reuni\u00e3o com as for\u00e7as de seguran\u00e7a para discutir os preparativos da 5\u00aa edi\u00e7\u00e3o do Palmas Capital da F\u00e9. O objetivo do encontro foi a defini\u00e7\u00e3o da estrat\u00e9gia de seguran\u00e7a do evento, incluindo o efetivo e detalhes t\u00e9cnicos. Estiveram presentes a Pol\u00edcia Militar [&hellip;]<\/p>\n","protected":false},"author":2,"featured_media":2530,"comment_status":"open","ping_status":"open","sticky":false,"template":"","format":"standard","meta":[],"categories":[2,3,5],"tags":[],"_links":{"self":[{"href":"https:\/\/dgospel.com.br\/portal\/index.php\/wp-json\/wp\/v2\/posts\/2529"}],"collection":[{"href":"https:\/\/dgospel.com.br\/portal\/index.php\/wp-json\/wp\/v2\/posts"}],"about":[{"href":"https:\/\/dgospel.com.br\/portal\/index.php\/wp-json\/wp\/v2\/types\/post"}],"author":[{"embeddable":true,"href":"https:\/\/dgospel.com.br\/portal\/index.php\/wp-json\/wp\/v2\/users\/2"}],"replies":[{"embeddable":true,"href":"https:\/\/dgospel.com.br\/portal\/index.php\/wp-json\/wp\/v2\/comments?post=2529"}],"version-history":[{"count":1,"href":"https:\/\/dgospel.com.br\/portal\/index.php\/wp-json\/wp\/v2\/posts\/2529\/revisions"}],"predecessor-version":[{"id":2531,"href":"https:\/\/dgospel.com.br\/portal\/index.php\/wp-json\/wp\/v2\/posts\/2529\/revisions\/2531"}],"wp:featuredmedia":[{"embeddable":true,"href":"https:\/\/dgospel.com.br\/portal\/index.php\/wp-json\/wp\/v2\/media\/2530"}],"wp:attachment":[{"href":"https:\/\/dgospel.com.br\/portal\/index.php\/wp-json\/wp\/v2\/media?parent=2529"}],"wp:term":[{"taxonomy":"category","embeddable":true,"href":"https:\/\/dgospel.com.br\/portal\/index.php\/wp-json\/wp\/v2\/categories?post=2529"},{"taxonomy":"post_tag","embeddable":true,"href":"https:\/\/dgospel.com.br\/portal\/index.php\/wp-json\/wp\/v2\/tags?post=2529"}],"curies":[{"name":"wp","href":"https:\/\/api.w.org\/{rel}","templated":true}]}}