{"id":253,"date":"2018-05-18T16:54:05","date_gmt":"2018-05-18T19:54:05","guid":{"rendered":"http:\/\/dgospel.com.br\/portal\/?p=253"},"modified":"2018-05-18T16:54:05","modified_gmt":"2018-05-18T19:54:05","slug":"tribunal-superior-eleitoral-mantem-candidatura-de-mario-lucio-ao-governo-do-tocantins","status":"publish","type":"post","link":"https:\/\/dgospel.com.br\/portal\/index.php\/2018\/05\/18\/tribunal-superior-eleitoral-mantem-candidatura-de-mario-lucio-ao-governo-do-tocantins\/","title":{"rendered":"Tribunal Superior Eleitoral mant\u00e9m candidatura de M\u00e1rio L\u00facio ao Governo do Tocantins"},"content":{"rendered":"<p>O ministro Tarc\u00edsio Vieira de Carvalho Neto do Tribunal Superior Eleitoral (TSE), concedeu nesta sexta-feira, 18, liminar garantindo a manuten\u00e7\u00e3o da candidatura de M\u00e1rio L\u00facio Avelar a governador do Tocantins. O pedido foi feito pelo Partido Socialismo e Liberdade (Psol), ap\u00f3s o pleno do Tribunal Regional Eleitoral (TRE) ter negado recurso referente a presta\u00e7\u00e3o de contas da sigla no exerc\u00edcio de 2015.<\/p>\n<p>Com a decis\u00e3o, M\u00e1rio L\u00facio est\u00e1 apto para disputar a elei\u00e7\u00e3o suplementar que ir\u00e1 ocorrer no pr\u00f3ximo dia 3 de junho. \u201cTemos a certeza que nossas propostas s\u00e3o as melhores para tirar o Tocantins da crise e devolver a credibilidade que nossas institui\u00e7\u00f5es tanto precisam. O restabelecimento da nossa candidatura j\u00e1 era esperado, uma vez que todos os documentos referentes \u00e0 presta\u00e7\u00e3o de contas do ano de 2015 foi apresentada ao TRE. Com a decis\u00e3o da corte superior eleitoral, o eleitor tem resguardado o seu direito \u00e0 livre escolha e o restabelecimento da democracia de forma plena\u201d, disse M\u00e1rio L\u00facio.<\/p>\n<p><strong>\u00a0<\/strong><\/p>\n","protected":false},"excerpt":{"rendered":"<p>O ministro Tarc\u00edsio Vieira de Carvalho Neto do Tribunal Superior Eleitoral (TSE), concedeu nesta sexta-feira, 18, liminar garantindo a manuten\u00e7\u00e3o da candidatura de M\u00e1rio L\u00facio Avelar a governador do Tocantins. O pedido foi feito pelo Partido Socialismo e Liberdade (Psol), ap\u00f3s o pleno do Tribunal Regional Eleitoral (TRE) ter negado recurso referente a presta\u00e7\u00e3o de [&hellip;]<\/p>\n","protected":false},"author":2,"featured_media":123,"comment_status":"open","ping_status":"open","sticky":false,"template":"","format":"standard","meta":[],"categories":[2,4],"tags":[],"_links":{"self":[{"href":"https:\/\/dgospel.com.br\/portal\/index.php\/wp-json\/wp\/v2\/posts\/253"}],"collection":[{"href":"https:\/\/dgospel.com.br\/portal\/index.php\/wp-json\/wp\/v2\/posts"}],"about":[{"href":"https:\/\/dgospel.com.br\/portal\/index.php\/wp-json\/wp\/v2\/types\/post"}],"author":[{"embeddable":true,"href":"https:\/\/dgospel.com.br\/portal\/index.php\/wp-json\/wp\/v2\/users\/2"}],"replies":[{"embeddable":true,"href":"https:\/\/dgospel.com.br\/portal\/index.php\/wp-json\/wp\/v2\/comments?post=253"}],"version-history":[{"count":1,"href":"https:\/\/dgospel.com.br\/portal\/index.php\/wp-json\/wp\/v2\/posts\/253\/revisions"}],"predecessor-version":[{"id":254,"href":"https:\/\/dgospel.com.br\/portal\/index.php\/wp-json\/wp\/v2\/posts\/253\/revisions\/254"}],"wp:featuredmedia":[{"embeddable":true,"href":"https:\/\/dgospel.com.br\/portal\/index.php\/wp-json\/wp\/v2\/media\/123"}],"wp:attachment":[{"href":"https:\/\/dgospel.com.br\/portal\/index.php\/wp-json\/wp\/v2\/media?parent=253"}],"wp:term":[{"taxonomy":"category","embeddable":true,"href":"https:\/\/dgospel.com.br\/portal\/index.php\/wp-json\/wp\/v2\/categories?post=253"},{"taxonomy":"post_tag","embeddable":true,"href":"https:\/\/dgospel.com.br\/portal\/index.php\/wp-json\/wp\/v2\/tags?post=253"}],"curies":[{"name":"wp","href":"https:\/\/api.w.org\/{rel}","templated":true}]}}