{"id":2538,"date":"2019-02-06T00:37:32","date_gmt":"2019-02-06T02:37:32","guid":{"rendered":"http:\/\/dgospel.com.br\/portal\/?p=2538"},"modified":"2019-02-06T00:37:32","modified_gmt":"2019-02-06T02:37:32","slug":"culto-ecumenico-marca-inicio-do-ano-legislativo-na-assembleia","status":"publish","type":"post","link":"https:\/\/dgospel.com.br\/portal\/index.php\/2019\/02\/06\/culto-ecumenico-marca-inicio-do-ano-legislativo-na-assembleia\/","title":{"rendered":"Culto ecum\u00eanico marca in\u00edcio do ano legislativo na Assembleia"},"content":{"rendered":"<p>A Assembleia Legislativa realizou, na manh\u00e3 desta ter\u00e7a-feira, 05, primeiro ato para abertura do ano legislativo da 9\u00aa Legislatura. O presidente da Assembleia, deputado Ant\u00f4nio Andrade (PHS), ressaltou que a import\u00e2ncia de iniciar os trabalhos legislativos contemplando a palavra de Deus. \u201cDirigimos as nossas inten\u00e7\u00f5es a Deus para que Ele nos permita realizar um trabalho aben\u00e7oado e prof\u00edcuo que beneficie a popula\u00e7\u00e3o do Estado\u201d, disse.<\/p>\n<p>O presidente destacou tamb\u00e9m que junto com os demais parlamentares pretende fazer uma \u00f3tima gest\u00e3o na Assembleia e ajudar o governador Mauro Carlesse (PHS) a realizar um excelente mandato.<\/p>\n<p>A celebra\u00e7\u00e3o foi conduzida pelo pastor Mois\u00e9s Lemos, da Igreja Assembleia de Deus Miss\u00e3o de Palmas, e pelo padre Lexandre de Assis Peixoto, da Par\u00f3quia Nossa Senhora do Perp\u00e9tuo Socorro, tamb\u00e9m da capital. A parte musical da celebra\u00e7\u00e3o foi apresentada pela cantora e servidora Casa, Suyane Lemos.<\/p>\n<p>O momento religioso foi acompanhado pela grande maioria dos deputados, dentre eles o 1\u00ba secret\u00e1rio da Mesa Diretora, Jorge Frederico (MDB). (Elp\u00eddio Lopes)<\/p>\n","protected":false},"excerpt":{"rendered":"<p>A Assembleia Legislativa realizou, na manh\u00e3 desta ter\u00e7a-feira, 05, primeiro ato para abertura do ano legislativo da 9\u00aa Legislatura. O presidente da Assembleia, deputado Ant\u00f4nio Andrade (PHS), ressaltou que a import\u00e2ncia de iniciar os trabalhos legislativos contemplando a palavra de Deus. \u201cDirigimos as nossas inten\u00e7\u00f5es a Deus para que Ele nos permita realizar um trabalho [&hellip;]<\/p>\n","protected":false},"author":2,"featured_media":2539,"comment_status":"open","ping_status":"open","sticky":false,"template":"","format":"standard","meta":[],"categories":[8,2],"tags":[],"_links":{"self":[{"href":"https:\/\/dgospel.com.br\/portal\/index.php\/wp-json\/wp\/v2\/posts\/2538"}],"collection":[{"href":"https:\/\/dgospel.com.br\/portal\/index.php\/wp-json\/wp\/v2\/posts"}],"about":[{"href":"https:\/\/dgospel.com.br\/portal\/index.php\/wp-json\/wp\/v2\/types\/post"}],"author":[{"embeddable":true,"href":"https:\/\/dgospel.com.br\/portal\/index.php\/wp-json\/wp\/v2\/users\/2"}],"replies":[{"embeddable":true,"href":"https:\/\/dgospel.com.br\/portal\/index.php\/wp-json\/wp\/v2\/comments?post=2538"}],"version-history":[{"count":1,"href":"https:\/\/dgospel.com.br\/portal\/index.php\/wp-json\/wp\/v2\/posts\/2538\/revisions"}],"predecessor-version":[{"id":2540,"href":"https:\/\/dgospel.com.br\/portal\/index.php\/wp-json\/wp\/v2\/posts\/2538\/revisions\/2540"}],"wp:featuredmedia":[{"embeddable":true,"href":"https:\/\/dgospel.com.br\/portal\/index.php\/wp-json\/wp\/v2\/media\/2539"}],"wp:attachment":[{"href":"https:\/\/dgospel.com.br\/portal\/index.php\/wp-json\/wp\/v2\/media?parent=2538"}],"wp:term":[{"taxonomy":"category","embeddable":true,"href":"https:\/\/dgospel.com.br\/portal\/index.php\/wp-json\/wp\/v2\/categories?post=2538"},{"taxonomy":"post_tag","embeddable":true,"href":"https:\/\/dgospel.com.br\/portal\/index.php\/wp-json\/wp\/v2\/tags?post=2538"}],"curies":[{"name":"wp","href":"https:\/\/api.w.org\/{rel}","templated":true}]}}