{"id":2541,"date":"2019-02-06T00:39:36","date_gmt":"2019-02-06T02:39:36","guid":{"rendered":"http:\/\/dgospel.com.br\/portal\/?p=2541"},"modified":"2019-02-06T00:39:36","modified_gmt":"2019-02-06T02:39:36","slug":"carlesse-fala-em-estabilidade-politico-administrativa-e-defende-reformas-do-governo","status":"publish","type":"post","link":"https:\/\/dgospel.com.br\/portal\/index.php\/2019\/02\/06\/carlesse-fala-em-estabilidade-politico-administrativa-e-defende-reformas-do-governo\/","title":{"rendered":"Carlesse fala em estabilidade pol\u00edtico-administrativa e defende reformas do Governo"},"content":{"rendered":"<p>O secret\u00e1rio-chefe da Casa Civil, Rolf Vidal, leu nesta ter\u00e7a-feira, 5, a mensagem do governador Mauro Carlesse encaminhada aos parlamentares em fun\u00e7\u00e3o da abertura dos trabalhos legislativos. O texto destacou que a elei\u00e7\u00e3o de Carlesse trouxe estabilidade pol\u00edtico-administrativa ao Estado e defendeu a realiza\u00e7\u00e3o das reformas que o Executivo estadual vem executando com objetivo de sanar as contas p\u00fablicas.<\/p>\n<p>\u201cEncontrei muitos desafios e todos foram enfrentados com atitude e r\u00e1pidas solu\u00e7\u00f5es, porque era preciso seguir ajustando as contas p\u00fablicas e regularizando a presta\u00e7\u00e3o dos servi\u00e7os para devolver, ao Estado, a estabilidade pol\u00edtico-administrativa, de modo a recuperar a sua credibilidade e, assim, gerar as oportunidades de desenvolvimento\u201d, disse trecho da mensagem.<\/p>\n<p>Em outra parte do texto, o governador discorreu sobre a situa\u00e7\u00e3o em que sua Gest\u00e3o encontrou as finan\u00e7as do Tocantins. \u201c\u00c9 preciso lembrar que essa caminhada de crise financeira do Estado, tendo como um dos maiores problemas o aumento das despesas com pessoal, n\u00e3o se formou h\u00e1 pouco tempo: desde 2013, o Tocantins n\u00e3o consegue se manter abaixo do limite m\u00e1ximo da LRF [Lei de Responsabilidade Fiscal]. Durante todo esse per\u00edodo, a \u00fanica exce\u00e7\u00e3o \u00e9 a de 2016, quando o ano fechou com 48,34%, gra\u00e7as \u00e0 lei de repatria\u00e7\u00e3o\u201d.<\/p>\n<p>Para o governador, ap\u00f3s as elei\u00e7\u00f5es suplementares de junho de 2018, sua administra\u00e7\u00e3o empreendeu significativos esfor\u00e7os de redu\u00e7\u00e3o dos gastos do Governo com pessoal.<\/p>\n<p>\u201c(&#8230;) Mas o cen\u00e1rio cobrava medidas mais duras com as contas p\u00fablicas. Criei ent\u00e3o o Grupo Executivo para Gest\u00e3o e Equil\u00edbrio do Gasto P\u00fablico, com o dever de analisar, acompanhar, definir diretrizes e propor medidas para conter e reduzir os gastos e, ao mesmo tempo, buscar solu\u00e7\u00f5es para oferecermos ao Tocantins uma gest\u00e3o por resultados, com melhor desempenho da gest\u00e3o fiscal, estabelecendo as prioridades estrat\u00e9gicas de gastos e investimentos p\u00fablicos\u201d, complementou.<\/p>\n<p>Dentre as a\u00e7\u00f5es citadas, o governador elencou o recolhimento dos ve\u00edculos que ficavam \u00e0 disposi\u00e7\u00e3o dos \u00f3rg\u00e3os e entidades; a revis\u00e3o das loca\u00e7\u00f5es de pr\u00e9dios privados; o retorno dos servidores efetivos cedidos aos seus \u00f3rg\u00e3os de origem para reduzir a contra\u00e7\u00e3o de pessoal substituto; a realiza\u00e7\u00e3o de estudos e o gerenciamento eletr\u00f4nico de documentos, a desburocratiza\u00e7\u00e3o de procedimentos, a redu\u00e7\u00e3o de compras de materiais de uso p\u00fablico, por meio de redu\u00e7\u00e3o de desperd\u00edcios; a descentraliza\u00e7\u00e3o das unidades no interior do Estado e o adequamento de modo compartilhado; e a readequa\u00e7\u00e3o das unidades escolares e de sa\u00fade de acordo com a demanda e a realidade de cada regional.<\/p>\n<p>Conforme a mensagem de Carlesse, ao final de 2018, \u201cap\u00f3s todas essas medidas citadas, o Poder Executivo reduziu as despesas em R$ 328 milh\u00f5es, o que resulta em uma economia de 30%, se compararmos ao mesmo per\u00edodo do ano anterior, demonstrando o seu compromisso com a solidez fiscal\u201d.<\/p>\n<p><strong>Reforma Administrativa<\/strong><\/p>\n<p>Ainda na mensagem enviada \u00e0 Assembleia Legislativa, Mauro Carlesse discorreu sobre a reforma administrativa, realizada no Estado, e publicada no Di\u00e1rio Oficial do Estado (DOE) da \u00faltima sexta-feira, 1\u00b0 de fevereiro.<\/p>\n<p>\u201cForam apresentadas tr\u00eas medidas provis\u00f3rias, com o objetivo de continuar buscando o equil\u00edbrio das finan\u00e7as p\u00fablicas, de melhorar a qualidade dos servi\u00e7os prestados ao cidad\u00e3o, tornar a m\u00e1quina estatal mais eficiente, e, com a libera\u00e7\u00e3o das opera\u00e7\u00f5es de cr\u00e9dito junto \u00e0 STN [Secretaria do Tesouro Nacional], garantir a constru\u00e7\u00e3o de obras vitais de infraestrutura nas mais diversas \u00e1reas, desde log\u00edstica e transporte, como a ponte de Porto Nacional e rodovias estrat\u00e9gicas, at\u00e9 a sa\u00fade, com a constru\u00e7\u00e3o dos Hospitais Gerais de Aragua\u00edna, Gurupi e a conclus\u00e3o da amplia\u00e7\u00e3o do HGP [Hospital Geral de Palmas]\u201d.<\/p>\n","protected":false},"excerpt":{"rendered":"<p>O secret\u00e1rio-chefe da Casa Civil, Rolf Vidal, leu nesta ter\u00e7a-feira, 5, a mensagem do governador Mauro Carlesse encaminhada aos parlamentares em fun\u00e7\u00e3o da abertura dos trabalhos legislativos. O texto destacou que a elei\u00e7\u00e3o de Carlesse trouxe estabilidade pol\u00edtico-administrativa ao Estado e defendeu a realiza\u00e7\u00e3o das reformas que o Executivo estadual vem executando com objetivo de [&hellip;]<\/p>\n","protected":false},"author":2,"featured_media":2542,"comment_status":"open","ping_status":"open","sticky":false,"template":"","format":"standard","meta":[],"categories":[2,4],"tags":[],"_links":{"self":[{"href":"https:\/\/dgospel.com.br\/portal\/index.php\/wp-json\/wp\/v2\/posts\/2541"}],"collection":[{"href":"https:\/\/dgospel.com.br\/portal\/index.php\/wp-json\/wp\/v2\/posts"}],"about":[{"href":"https:\/\/dgospel.com.br\/portal\/index.php\/wp-json\/wp\/v2\/types\/post"}],"author":[{"embeddable":true,"href":"https:\/\/dgospel.com.br\/portal\/index.php\/wp-json\/wp\/v2\/users\/2"}],"replies":[{"embeddable":true,"href":"https:\/\/dgospel.com.br\/portal\/index.php\/wp-json\/wp\/v2\/comments?post=2541"}],"version-history":[{"count":1,"href":"https:\/\/dgospel.com.br\/portal\/index.php\/wp-json\/wp\/v2\/posts\/2541\/revisions"}],"predecessor-version":[{"id":2543,"href":"https:\/\/dgospel.com.br\/portal\/index.php\/wp-json\/wp\/v2\/posts\/2541\/revisions\/2543"}],"wp:featuredmedia":[{"embeddable":true,"href":"https:\/\/dgospel.com.br\/portal\/index.php\/wp-json\/wp\/v2\/media\/2542"}],"wp:attachment":[{"href":"https:\/\/dgospel.com.br\/portal\/index.php\/wp-json\/wp\/v2\/media?parent=2541"}],"wp:term":[{"taxonomy":"category","embeddable":true,"href":"https:\/\/dgospel.com.br\/portal\/index.php\/wp-json\/wp\/v2\/categories?post=2541"},{"taxonomy":"post_tag","embeddable":true,"href":"https:\/\/dgospel.com.br\/portal\/index.php\/wp-json\/wp\/v2\/tags?post=2541"}],"curies":[{"name":"wp","href":"https:\/\/api.w.org\/{rel}","templated":true}]}}