{"id":2545,"date":"2019-02-06T18:48:11","date_gmt":"2019-02-06T20:48:11","guid":{"rendered":"http:\/\/dgospel.com.br\/portal\/?p=2545"},"modified":"2019-02-06T18:50:22","modified_gmt":"2019-02-06T20:50:22","slug":"eduardo-gomes-e-eleito-2o-secretario-da-mesa-diretora-do-senado","status":"publish","type":"post","link":"https:\/\/dgospel.com.br\/portal\/index.php\/2019\/02\/06\/eduardo-gomes-e-eleito-2o-secretario-da-mesa-diretora-do-senado\/","title":{"rendered":"Eduardo Gomes \u00e9 eleito 2\u00ba secret\u00e1rio da Mesa Diretora do Senado"},"content":{"rendered":"<p>Quatro dias ap\u00f3s a tumultuada elei\u00e7\u00e3o de Davi Alcolumbre (DEM-AP) \u00e0 Presid\u00eancia do Senado, o plen\u00e1rio da Casa elegeu nesta quarta-feira (6) os outros seis membros que v\u00e3o compor a Mesa Diretora para o bi\u00eanio 2019-2020, al\u00e9m de quatro suplentes.<\/p>\n<p>O senador Eduardo Gomes (MDB) foi eleito 2\u00ba secret\u00e1rio da Mesa Diretora do Senado em chapa \u00fanica, que tinha Antonio Anastasia (PSDB-MG) como 1\u00ba vice-presidente; Lasier Martins (Pode-RS) como 2\u00ba vice; S\u00e9rgio Petec\u00e3o (PSD-AC) como 1\u00ba secret\u00e1rio; Fl\u00e1vio Bolsonaro (PSL-RJ) como 3\u00ba secret\u00e1rio; e Luis Carlos Heinze (PP-RS) como 4\u00ba secret\u00e1rio.<\/p>\n<p>Dentre os 81 senadores, 72 votaram a favor da chapa e apenas dois contra. Outros tr\u00eas se abstiveram e quatro faltaram \u00e0 elei\u00e7\u00e3o.\u00a0Os ausentes foram Renan Calheiros (MDB-AL), Fernando Collor (Pros-AL), Jader Barbalho (MDB-PA) e Rog\u00e9rio Carvalho (PT-SE)<\/p>\n<p>Confira como ficou a Mesa do Senado:<\/p>\n<p>Presidente \u2013 David Alcolumbre (DEM-AP)<br \/>\n1\u00aa Vice presid\u00eancia \u2013 Ant\u00f4nio Anastasia (PSDB-MG)<br \/>\n2\u00aa Vice-presid\u00eancia\u00a0\u00a0\u2013 Lasier Martins (PODEMOS-RS)<\/p>\n<p>1\u00aa Secretaria\u00a0\u00a0\u2013 S\u00e9rgio Petec\u00e3o (PSD-AC)<br \/>\n2\u00aa Secretaria\u00a0\u00a0\u2013 Eduardo Gomes (MDB-TO)<br \/>\n3\u00aa Secretaria\u00a0\u00a0\u2013 Fl\u00e1vio Bolsonaro (PSL-RJ)<br \/>\n4\u00aa Secretaria \u2013 Luiz Carlos Heinze (PP-RS)<\/p>\n<p><strong>Suplentes<\/strong><\/p>\n<p>Primeiro Suplente \u2013 Marcos do Val (PPS-ES)<br \/>\nSegundo Suplente \u2013 Weverton (PDT-MA)<br \/>\nTerceiro Suplente\u00a0\u00a0\u2013 Jacques Wagner (PT-BA)<br \/>\nQuarto Suplente\u00a0\u00a0\u2013 Leila Barros \u2013 Leila do V\u00f4lei (PSB-DF)<\/p>\n<p>&nbsp;<\/p>\n","protected":false},"excerpt":{"rendered":"<p>Quatro dias ap\u00f3s a tumultuada elei\u00e7\u00e3o de Davi Alcolumbre (DEM-AP) \u00e0 Presid\u00eancia do Senado, o plen\u00e1rio da Casa elegeu nesta quarta-feira (6) os outros seis membros que v\u00e3o compor a Mesa Diretora para o bi\u00eanio 2019-2020, al\u00e9m de quatro suplentes. O senador Eduardo Gomes (MDB) foi eleito 2\u00ba secret\u00e1rio da Mesa Diretora do Senado em [&hellip;]<\/p>\n","protected":false},"author":2,"featured_media":2546,"comment_status":"open","ping_status":"open","sticky":false,"template":"","format":"standard","meta":[],"categories":[2,4],"tags":[],"_links":{"self":[{"href":"https:\/\/dgospel.com.br\/portal\/index.php\/wp-json\/wp\/v2\/posts\/2545"}],"collection":[{"href":"https:\/\/dgospel.com.br\/portal\/index.php\/wp-json\/wp\/v2\/posts"}],"about":[{"href":"https:\/\/dgospel.com.br\/portal\/index.php\/wp-json\/wp\/v2\/types\/post"}],"author":[{"embeddable":true,"href":"https:\/\/dgospel.com.br\/portal\/index.php\/wp-json\/wp\/v2\/users\/2"}],"replies":[{"embeddable":true,"href":"https:\/\/dgospel.com.br\/portal\/index.php\/wp-json\/wp\/v2\/comments?post=2545"}],"version-history":[{"count":3,"href":"https:\/\/dgospel.com.br\/portal\/index.php\/wp-json\/wp\/v2\/posts\/2545\/revisions"}],"predecessor-version":[{"id":2549,"href":"https:\/\/dgospel.com.br\/portal\/index.php\/wp-json\/wp\/v2\/posts\/2545\/revisions\/2549"}],"wp:featuredmedia":[{"embeddable":true,"href":"https:\/\/dgospel.com.br\/portal\/index.php\/wp-json\/wp\/v2\/media\/2546"}],"wp:attachment":[{"href":"https:\/\/dgospel.com.br\/portal\/index.php\/wp-json\/wp\/v2\/media?parent=2545"}],"wp:term":[{"taxonomy":"category","embeddable":true,"href":"https:\/\/dgospel.com.br\/portal\/index.php\/wp-json\/wp\/v2\/categories?post=2545"},{"taxonomy":"post_tag","embeddable":true,"href":"https:\/\/dgospel.com.br\/portal\/index.php\/wp-json\/wp\/v2\/tags?post=2545"}],"curies":[{"name":"wp","href":"https:\/\/api.w.org\/{rel}","templated":true}]}}