{"id":255,"date":"2018-05-19T11:45:40","date_gmt":"2018-05-19T14:45:40","guid":{"rendered":"http:\/\/dgospel.com.br\/portal\/?p=255"},"modified":"2018-05-19T11:45:40","modified_gmt":"2018-05-19T14:45:40","slug":"vicentinho-alves-recebe-apoio-de-educadores-e-servidores-da-saude-em-porto-nacional","status":"publish","type":"post","link":"https:\/\/dgospel.com.br\/portal\/index.php\/2018\/05\/19\/vicentinho-alves-recebe-apoio-de-educadores-e-servidores-da-saude-em-porto-nacional\/","title":{"rendered":"Vicentinho Alves recebe apoio de educadores e servidores da sa\u00fade em Porto Nacional"},"content":{"rendered":"<p>&nbsp;<\/p>\n<p>O segundo compromisso de Vicentinho Alves (PR) nesta sexta-feira, 18, em Porto Nacional, foi com educadores e servidores da \u00e1rea da sa\u00fade. A professora Viviane, representando\u00a0 a educa\u00e7\u00e3o b\u00e1sica, afirmou: &#8220;Precisamos de um governador que conhe\u00e7a o nosso povo. Acredito que Vicentinho vai gerir o estado com qualidade, investindo na educa\u00e7\u00e3o, e atender os anseios dos professores, porque \u00e9 um ser humano sens\u00edvel.&#8221;<\/p>\n<p>&nbsp;<\/p>\n<p>A professora Vera Manduca, representando o ensino superior, informou que j\u00e1\u00a0 foi creditado na conta do campus da UFT em Porto Nacional\u00a0 parte dos recursos oriundos de\u00a0 emenda parlamentar do senador Vicentinho\u00a0 para reforma da UFT Centro, onde \u00e9 prestado um grande servi\u00e7o \u00e0\u00a0 popula\u00e7\u00e3o portuense.<\/p>\n<p>&nbsp;<\/p>\n<p>Vicentinho tamb\u00e9m recebeu apoio e servidores da \u00e1rea da sa\u00fade.\u00a0 A enfermeira Nancy disse que o candidato vai fazer a diferen\u00e7a na sa\u00fade. &#8220;O pessoal da enfermagem vai\u00a0 apoiar voc\u00ea&#8221;, disse ela. O m\u00e9dico\u00a0 T\u00falio disse que falta profissional tanto em Porto quanto nas menores cidades do estado, assim como falta medicamentos e equipamentos. Para ele, \u00e9 preciso descentralizar o atendimento \u00e0 sa\u00fade.<\/p>\n<p>&nbsp;<\/p>\n<p>A proposta do Dr. T\u00falio vem ao encontro do desejo de Vicentinho de fortalecer a sa\u00fade nos munic\u00edpios, firmando conv\u00eanios para que as Unidades B\u00e1sicas de Sa\u00fade\u00a0 (UBS), Unidades de Pronto Atendimento em Sa\u00fade\u00a0 (UPAS) e os\u00a0 Hospitais de Pequeno Porte (HPP) desafoguem os hospitais regionais.<\/p>\n<p>Vicentinho disse que\u00a0 respeitar os profissionais da educa\u00e7\u00e3o, assim como a todos os servidores do estado, e implantar a meritocracia, para motiv\u00e1-los a prestar um servi\u00e7o cada vez melhor \u00e0 popula\u00e7\u00e3o.<\/p>\n","protected":false},"excerpt":{"rendered":"<p>&nbsp; O segundo compromisso de Vicentinho Alves (PR) nesta sexta-feira, 18, em Porto Nacional, foi com educadores e servidores da \u00e1rea da sa\u00fade. A professora Viviane, representando\u00a0 a educa\u00e7\u00e3o b\u00e1sica, afirmou: &#8220;Precisamos de um governador que conhe\u00e7a o nosso povo. Acredito que Vicentinho vai gerir o estado com qualidade, investindo na educa\u00e7\u00e3o, e atender os [&hellip;]<\/p>\n","protected":false},"author":2,"featured_media":256,"comment_status":"open","ping_status":"open","sticky":false,"template":"","format":"standard","meta":[],"categories":[2,4],"tags":[],"_links":{"self":[{"href":"https:\/\/dgospel.com.br\/portal\/index.php\/wp-json\/wp\/v2\/posts\/255"}],"collection":[{"href":"https:\/\/dgospel.com.br\/portal\/index.php\/wp-json\/wp\/v2\/posts"}],"about":[{"href":"https:\/\/dgospel.com.br\/portal\/index.php\/wp-json\/wp\/v2\/types\/post"}],"author":[{"embeddable":true,"href":"https:\/\/dgospel.com.br\/portal\/index.php\/wp-json\/wp\/v2\/users\/2"}],"replies":[{"embeddable":true,"href":"https:\/\/dgospel.com.br\/portal\/index.php\/wp-json\/wp\/v2\/comments?post=255"}],"version-history":[{"count":1,"href":"https:\/\/dgospel.com.br\/portal\/index.php\/wp-json\/wp\/v2\/posts\/255\/revisions"}],"predecessor-version":[{"id":257,"href":"https:\/\/dgospel.com.br\/portal\/index.php\/wp-json\/wp\/v2\/posts\/255\/revisions\/257"}],"wp:featuredmedia":[{"embeddable":true,"href":"https:\/\/dgospel.com.br\/portal\/index.php\/wp-json\/wp\/v2\/media\/256"}],"wp:attachment":[{"href":"https:\/\/dgospel.com.br\/portal\/index.php\/wp-json\/wp\/v2\/media?parent=255"}],"wp:term":[{"taxonomy":"category","embeddable":true,"href":"https:\/\/dgospel.com.br\/portal\/index.php\/wp-json\/wp\/v2\/categories?post=255"},{"taxonomy":"post_tag","embeddable":true,"href":"https:\/\/dgospel.com.br\/portal\/index.php\/wp-json\/wp\/v2\/tags?post=255"}],"curies":[{"name":"wp","href":"https:\/\/api.w.org\/{rel}","templated":true}]}}