{"id":2550,"date":"2019-02-07T00:18:23","date_gmt":"2019-02-07T02:18:23","guid":{"rendered":"http:\/\/dgospel.com.br\/portal\/?p=2550"},"modified":"2019-02-07T00:18:23","modified_gmt":"2019-02-07T02:18:23","slug":"iv-encontro-nacional-de-educadores-cristaos-acontece-neste-sabado-9","status":"publish","type":"post","link":"https:\/\/dgospel.com.br\/portal\/index.php\/2019\/02\/07\/iv-encontro-nacional-de-educadores-cristaos-acontece-neste-sabado-9\/","title":{"rendered":"IV Encontro Nacional de Educadores Crist\u00e3os acontece neste s\u00e1bado (9)"},"content":{"rendered":"<p>Com a aquiesc\u00eancia da magna Mesa Diretora da CGADB e seu presidente pastor Jos\u00e9 Wellington da Costa J\u00fanior, o Conselho de Educa\u00e7\u00e3o e Cultura (CEC-CGADB) est\u00e1 promovendo\u00a0<em>o \u201cIV Encontro Nacional de Educadores Crist\u00e3os\u201d (ENEDUC).<\/em><\/p>\n<p>A proposta do encontro \u00e9 a de reunir l\u00edderes dos conselhos de educa\u00e7\u00e3o e cultura das conven\u00e7\u00f5es regionais e estaduais ligadas \u00e0\u00a0<em>CGADB<\/em>, diretores de institui\u00e7\u00f5es teol\u00f3gicas e col\u00e9gios seculares, bem como professores, estudantes em geral, pesquisadores e seminaristas, l\u00edderes e obreiros ligados \u00e0 \u00e1rea da educa\u00e7\u00e3o.<\/p>\n<p>O encontro ser\u00e1 realizado no dia 9 de fevereiro de 2019 (s\u00e1bado), no per\u00edodo de 9h \u00e0s 17h, no audit\u00f3rio da\u00a0<em>Faculdade de Tecnologia, Ci\u00eancias e Biotecnologia da CGADB (FAECAD),<\/em>localizada na Av. Vicente de Carvalho, 1083,\u00a0 Vicente de Carvalho, na capital do Rio de Janeiro.<\/p>\n<p><strong>Conhe\u00e7a a programa\u00e7\u00e3o:<\/strong><\/p>\n<p><img src=\"http:\/\/arquivos.editoracpad.com.br\/uploads\/2019\/02\/06\/atividades.jpg\" alt=\"\" \/><\/p>\n<p>As inscri\u00e7\u00f5es s\u00e3o gratuitas e as despesas com passagens, hospedagem e refei\u00e7\u00f5es ficam a cargo de cada participante. Para se inscrever acesse o s\u00edtio eletr\u00f4nico:\u00a0<a href=\"http:\/\/www.e-cgadb.com.br\/\" target=\"_blank\" rel=\"noopener\">www.e-cgadb.com.br<\/a><\/p>\n<p><strong>Mais informa\u00e7\u00f5es:<\/strong>\u00a0Fone (61) 98252-2074 ou pelo E-mail: professordouglas.baptista@gmail.com<\/p>\n","protected":false},"excerpt":{"rendered":"<p>Com a aquiesc\u00eancia da magna Mesa Diretora da CGADB e seu presidente pastor Jos\u00e9 Wellington da Costa J\u00fanior, o Conselho de Educa\u00e7\u00e3o e Cultura (CEC-CGADB) est\u00e1 promovendo\u00a0o \u201cIV Encontro Nacional de Educadores Crist\u00e3os\u201d (ENEDUC). A proposta do encontro \u00e9 a de reunir l\u00edderes dos conselhos de educa\u00e7\u00e3o e cultura das conven\u00e7\u00f5es regionais e estaduais ligadas [&hellip;]<\/p>\n","protected":false},"author":2,"featured_media":2551,"comment_status":"open","ping_status":"open","sticky":false,"template":"","format":"standard","meta":[],"categories":[5,6],"tags":[],"_links":{"self":[{"href":"https:\/\/dgospel.com.br\/portal\/index.php\/wp-json\/wp\/v2\/posts\/2550"}],"collection":[{"href":"https:\/\/dgospel.com.br\/portal\/index.php\/wp-json\/wp\/v2\/posts"}],"about":[{"href":"https:\/\/dgospel.com.br\/portal\/index.php\/wp-json\/wp\/v2\/types\/post"}],"author":[{"embeddable":true,"href":"https:\/\/dgospel.com.br\/portal\/index.php\/wp-json\/wp\/v2\/users\/2"}],"replies":[{"embeddable":true,"href":"https:\/\/dgospel.com.br\/portal\/index.php\/wp-json\/wp\/v2\/comments?post=2550"}],"version-history":[{"count":1,"href":"https:\/\/dgospel.com.br\/portal\/index.php\/wp-json\/wp\/v2\/posts\/2550\/revisions"}],"predecessor-version":[{"id":2552,"href":"https:\/\/dgospel.com.br\/portal\/index.php\/wp-json\/wp\/v2\/posts\/2550\/revisions\/2552"}],"wp:featuredmedia":[{"embeddable":true,"href":"https:\/\/dgospel.com.br\/portal\/index.php\/wp-json\/wp\/v2\/media\/2551"}],"wp:attachment":[{"href":"https:\/\/dgospel.com.br\/portal\/index.php\/wp-json\/wp\/v2\/media?parent=2550"}],"wp:term":[{"taxonomy":"category","embeddable":true,"href":"https:\/\/dgospel.com.br\/portal\/index.php\/wp-json\/wp\/v2\/categories?post=2550"},{"taxonomy":"post_tag","embeddable":true,"href":"https:\/\/dgospel.com.br\/portal\/index.php\/wp-json\/wp\/v2\/tags?post=2550"}],"curies":[{"name":"wp","href":"https:\/\/api.w.org\/{rel}","templated":true}]}}