{"id":2553,"date":"2019-02-07T00:20:34","date_gmt":"2019-02-07T02:20:34","guid":{"rendered":"http:\/\/dgospel.com.br\/portal\/?p=2553"},"modified":"2019-02-07T00:20:34","modified_gmt":"2019-02-07T02:20:34","slug":"a-empresarios-governador-carlesse-afirma-que-reforma-fomentara-o-desenvolvimento-do-estado","status":"publish","type":"post","link":"https:\/\/dgospel.com.br\/portal\/index.php\/2019\/02\/07\/a-empresarios-governador-carlesse-afirma-que-reforma-fomentara-o-desenvolvimento-do-estado\/","title":{"rendered":"A empres\u00e1rios, governador Carlesse afirma que reforma fomentar\u00e1 o desenvolvimento do Estado"},"content":{"rendered":"<p>Representantes de entidades empresariais participaram no in\u00edcio da noite desta quarta-feira, 6, na sala de reuni\u00f5es do Pal\u00e1cio Araguaia,\u00a0da apresenta\u00e7\u00e3o da reforma administrativa implantada pelo Governo do Estado no\u00a0\u00faltimo dia 1\u00ba.<\/p>\n<p>A reuni\u00e3o faz parte de uma s\u00e9rie que j\u00e1 est\u00e1 sendo realizada a diversos organismos da sociedade organizada, visando informar sobre as mudan\u00e7as que est\u00e3o sendo implantadas e tamb\u00e9m \u00a0esclarecer d\u00favidas acerca da iniciativa do Governo em alcan\u00e7ar o equil\u00edbrio das contas p\u00fablicas.<\/p>\n<p>Em sua participa\u00e7\u00e3o na reuni\u00e3o, o governador Mauro Carlesse disse que a reforma administrativa vai transformar o Tocantins em um Estado indutor de desenvolvimento e gerador de empregos. \u201cQueremos fazer do Tocantins um Estado seguro para receber investidores. Por isso estamos fazendo o dever de casa, que \u00e9 reduzir despesas, pagar em dia os nossos servidores e fornecedores. Com o Estado equilibrado vamos recuperar a capacidade de investimento para fomentar o desenvolvimento. N\u00e3o \u00e9 o Estado que tem que ser o maior empregador, mas tem que fomentar a gera\u00e7\u00e3o de empregos na iniciativa privada\u201d, disse o Governador.<\/p>\n<p>Ap\u00f3s as apresenta\u00e7\u00f5es dos secret\u00e1rios da Administra\u00e7\u00e3o, Edson Cabral; e da Fazenda e Planejamento, Sandro Henrique Armando; os empres\u00e1rios fizeram uma avalia\u00e7\u00e3o da reforma administrativa. \u201cVejo com muito bons olhos essa medida. Mostra que o Governo est\u00e1 com os p\u00e9s no ch\u00e3o, pois essa iniciativa dar\u00e1 o folego que o Governo precisa para voltar a crescer\u201d, avaliou Cl\u00e9ber J\u00fanior, do Sincodive (Sindicato das Concession\u00e1rias e Distribuidores de Ve\u00edculos).<\/p>\n<p>\u201cO Governo est\u00e1 no caminho certo. Algumas medidas podem at\u00e9 serem impopulares, mas para fazer o Estado mais forte e indutor do desenvolvimento, n\u00e3o \u00e9 poss\u00edvel que tenhamos uma folha de pagamento superior a R$ 300 milh\u00f5es. Estamos aqui para dar total apoio a essas medidas do Governo\u201d, afirmou Emilson Vieira, representante da Fieto (Federa\u00e7\u00e3o das Ind\u00fastrias do Estado do Tocantins).<\/p>\n<p>\u201cEu nunca tinha visto um trabalho t\u00e3o bem feito. E \u00e9 bom que tenhamos acesso \u00e0s informa\u00e7\u00f5es corretas, pois muita gente distorce as coisas e confunde as pessoas. Mas o Governo est\u00e1 de parab\u00e9ns e conte conosco\u201d, afirmou Fabiano do Vale, ex-presidente da Acipa (Associa\u00e7\u00e3o Comercial e Industrial de Palmas).<\/p>\n<p>Ao final da reuni\u00e3o, a equipe do Governo foi convidada a realizar essa apresenta\u00e7\u00e3o aos filiados de cada entidade e o convite foi prontamente aceito.<\/p>\n<p><strong>Presentes<\/strong><\/p>\n<p>Estavam presentes representantes das seguintes entidades: \u00a0Fecom\u00e9rcio (Federa\u00e7\u00e3o do Com\u00e9rcio de Bens, Servi\u00e7os e Turismo do Estado do Tocantins);\u00a0Sebrae (Servi\u00e7o de Apoio \u00e0s Micro e Pequenas Empresas); Adati (Associa\u00e7\u00e3o dos Distribuidores Atacadistas); Acipa (Associa\u00e7\u00e3o Comercial e Industrial de Palmas); Abav (Associa\u00e7\u00e3o Brasileira das Ag\u00eancias de Viagens); Fieto (Federa\u00e7\u00e3o das Industrias do Estado do Tocantins); \u00a0Femicro (Federa\u00e7\u00e3o das Microempresas, Empresas de Pequeno Porte e Empreendedor Individual do Tocantins); Abrasel (Associa\u00e7\u00e3o Brasileira de Bares e Restaurantes);\u00a0Sincodive (Sindicato das Concession\u00e1rias e Distribuidores de Ve\u00edculos); Faet (Federa\u00e7\u00e3o da Agricultura e Pecu\u00e1ria); CDL (C\u00e2mara de Dirigentes Lojistas) , ABIH (Associa\u00e7\u00e3o Brasileira da Ind\u00fastria de Hot\u00e9is).<\/p>\n","protected":false},"excerpt":{"rendered":"<p>Representantes de entidades empresariais participaram no in\u00edcio da noite desta quarta-feira, 6, na sala de reuni\u00f5es do Pal\u00e1cio Araguaia,\u00a0da apresenta\u00e7\u00e3o da reforma administrativa implantada pelo Governo do Estado no\u00a0\u00faltimo dia 1\u00ba. A reuni\u00e3o faz parte de uma s\u00e9rie que j\u00e1 est\u00e1 sendo realizada a diversos organismos da sociedade organizada, visando informar sobre as mudan\u00e7as que [&hellip;]<\/p>\n","protected":false},"author":2,"featured_media":2554,"comment_status":"open","ping_status":"open","sticky":false,"template":"","format":"standard","meta":[],"categories":[2,4],"tags":[],"_links":{"self":[{"href":"https:\/\/dgospel.com.br\/portal\/index.php\/wp-json\/wp\/v2\/posts\/2553"}],"collection":[{"href":"https:\/\/dgospel.com.br\/portal\/index.php\/wp-json\/wp\/v2\/posts"}],"about":[{"href":"https:\/\/dgospel.com.br\/portal\/index.php\/wp-json\/wp\/v2\/types\/post"}],"author":[{"embeddable":true,"href":"https:\/\/dgospel.com.br\/portal\/index.php\/wp-json\/wp\/v2\/users\/2"}],"replies":[{"embeddable":true,"href":"https:\/\/dgospel.com.br\/portal\/index.php\/wp-json\/wp\/v2\/comments?post=2553"}],"version-history":[{"count":1,"href":"https:\/\/dgospel.com.br\/portal\/index.php\/wp-json\/wp\/v2\/posts\/2553\/revisions"}],"predecessor-version":[{"id":2555,"href":"https:\/\/dgospel.com.br\/portal\/index.php\/wp-json\/wp\/v2\/posts\/2553\/revisions\/2555"}],"wp:featuredmedia":[{"embeddable":true,"href":"https:\/\/dgospel.com.br\/portal\/index.php\/wp-json\/wp\/v2\/media\/2554"}],"wp:attachment":[{"href":"https:\/\/dgospel.com.br\/portal\/index.php\/wp-json\/wp\/v2\/media?parent=2553"}],"wp:term":[{"taxonomy":"category","embeddable":true,"href":"https:\/\/dgospel.com.br\/portal\/index.php\/wp-json\/wp\/v2\/categories?post=2553"},{"taxonomy":"post_tag","embeddable":true,"href":"https:\/\/dgospel.com.br\/portal\/index.php\/wp-json\/wp\/v2\/tags?post=2553"}],"curies":[{"name":"wp","href":"https:\/\/api.w.org\/{rel}","templated":true}]}}