{"id":2556,"date":"2019-02-07T00:41:53","date_gmt":"2019-02-07T02:41:53","guid":{"rendered":"http:\/\/dgospel.com.br\/portal\/?p=2556"},"modified":"2019-02-07T00:41:53","modified_gmt":"2019-02-07T02:41:53","slug":"assembleia-legislativa-extingue-360-cargos-comissionados-dos-gabinetes-e-economia-sera-de-mais-de-r-500-mil-por-mes","status":"publish","type":"post","link":"https:\/\/dgospel.com.br\/portal\/index.php\/2019\/02\/07\/assembleia-legislativa-extingue-360-cargos-comissionados-dos-gabinetes-e-economia-sera-de-mais-de-r-500-mil-por-mes\/","title":{"rendered":"Assembleia Legislativa extingue 360 cargos comissionados dos gabinetes e economia ser\u00e1 de mais de R$ 500 mil por m\u00eas"},"content":{"rendered":"<p>A Assembleia Legislativa come\u00e7a 2019 com a decis\u00e3o de extinguir 360 cargos comissionados dos gabinetes. De autoria da Mesa Diretora, o Projeto de Resolu\u00e7\u00e3o foi apresentado na tarde desta quarta-feira, dia 6, e representa uma contribui\u00e7\u00e3o do Poder Legislativo ao esfor\u00e7o fiscal que o governador Mauro Carlesse (PHS) realiza no Tocantins.<\/p>\n<p>Durante a sess\u00e3o vespertina, a quebra dos prazos regimentais para a apresenta\u00e7\u00e3o de emendas foi requerida pela deputada Claudia Lelis (PV), e aprovada pelo plen\u00e1rio, para permitir a aprecia\u00e7\u00e3o da mat\u00e9ria ainda nesta quarta, em reuni\u00e3o conjunta de comiss\u00f5es. Contr\u00e1rio ao procedimento, o deputado Z\u00e9 Roberto (PT) preferiu a tramita\u00e7\u00e3o em reuni\u00f5es separadas.<\/p>\n<p>Ainda assim, Z\u00e9 Roberto apoia o m\u00e9rito do projeto. Na tribuna, defendeu que a economia ser\u00e1 de mais de R$ 500 mil por m\u00eas. \u201cA Casa larga na frente, d\u00e1 o exemplo e ajuda o Estado a investir mais em Educa\u00e7\u00e3o e Sa\u00fade\u201d, comemorou.<\/p>\n<p>Outro deputado que se manifestou foi Ricardo Ayres (PSB). Conforme o parlamentar, de 26% do or\u00e7amento em 1998, o investimento p\u00fablico estadual caiu para menos de 1,5% em 2018. \u201cA reforma administrativa \u00e9 urgente e necess\u00e1ria para garantir os direitos dos servidores, as pol\u00edticas sociais que n\u00e3o existem mais e para cortar privil\u00e9gios que a sociedade n\u00e3o aguenta mais pagar\u201d, disse.<\/p>\n<p>Aprovado nas comiss\u00f5es, o projeto aguarda aprecia\u00e7\u00e3o dos deputados no plen\u00e1rio.<\/p>\n<p>Outra proposta<\/p>\n<p>Em reuni\u00e3o exclusiva da Comiss\u00e3o de Constitui\u00e7\u00e3o, Justi\u00e7a e Reda\u00e7\u00e3o (CCJ), foi aprovado o Projeto de Resolu\u00e7\u00e3o que separa a Comiss\u00e3o de Sa\u00fade e Meio Ambiente em duas comiss\u00f5es distintas. A proposta \u00e9 da deputada Claudia Lelis. (Glauber Barros)<\/p>\n<p>&nbsp;<\/p>\n","protected":false},"excerpt":{"rendered":"<p>A Assembleia Legislativa come\u00e7a 2019 com a decis\u00e3o de extinguir 360 cargos comissionados dos gabinetes. De autoria da Mesa Diretora, o Projeto de Resolu\u00e7\u00e3o foi apresentado na tarde desta quarta-feira, dia 6, e representa uma contribui\u00e7\u00e3o do Poder Legislativo ao esfor\u00e7o fiscal que o governador Mauro Carlesse (PHS) realiza no Tocantins. Durante a sess\u00e3o vespertina, [&hellip;]<\/p>\n","protected":false},"author":2,"featured_media":2557,"comment_status":"open","ping_status":"open","sticky":false,"template":"","format":"standard","meta":[],"categories":[8,2,4],"tags":[],"_links":{"self":[{"href":"https:\/\/dgospel.com.br\/portal\/index.php\/wp-json\/wp\/v2\/posts\/2556"}],"collection":[{"href":"https:\/\/dgospel.com.br\/portal\/index.php\/wp-json\/wp\/v2\/posts"}],"about":[{"href":"https:\/\/dgospel.com.br\/portal\/index.php\/wp-json\/wp\/v2\/types\/post"}],"author":[{"embeddable":true,"href":"https:\/\/dgospel.com.br\/portal\/index.php\/wp-json\/wp\/v2\/users\/2"}],"replies":[{"embeddable":true,"href":"https:\/\/dgospel.com.br\/portal\/index.php\/wp-json\/wp\/v2\/comments?post=2556"}],"version-history":[{"count":1,"href":"https:\/\/dgospel.com.br\/portal\/index.php\/wp-json\/wp\/v2\/posts\/2556\/revisions"}],"predecessor-version":[{"id":2558,"href":"https:\/\/dgospel.com.br\/portal\/index.php\/wp-json\/wp\/v2\/posts\/2556\/revisions\/2558"}],"wp:featuredmedia":[{"embeddable":true,"href":"https:\/\/dgospel.com.br\/portal\/index.php\/wp-json\/wp\/v2\/media\/2557"}],"wp:attachment":[{"href":"https:\/\/dgospel.com.br\/portal\/index.php\/wp-json\/wp\/v2\/media?parent=2556"}],"wp:term":[{"taxonomy":"category","embeddable":true,"href":"https:\/\/dgospel.com.br\/portal\/index.php\/wp-json\/wp\/v2\/categories?post=2556"},{"taxonomy":"post_tag","embeddable":true,"href":"https:\/\/dgospel.com.br\/portal\/index.php\/wp-json\/wp\/v2\/tags?post=2556"}],"curies":[{"name":"wp","href":"https:\/\/api.w.org\/{rel}","templated":true}]}}