{"id":2559,"date":"2019-02-08T00:42:29","date_gmt":"2019-02-08T02:42:29","guid":{"rendered":"http:\/\/dgospel.com.br\/portal\/?p=2559"},"modified":"2019-02-08T00:42:29","modified_gmt":"2019-02-08T02:42:29","slug":"governador-determina-interdicao-da-ponte-de-porto-nacional-a-vida-e-prioridade","status":"publish","type":"post","link":"https:\/\/dgospel.com.br\/portal\/index.php\/2019\/02\/08\/governador-determina-interdicao-da-ponte-de-porto-nacional-a-vida-e-prioridade\/","title":{"rendered":"Governador determina interdi\u00e7\u00e3o da ponte de Porto Nacional: &#8220;A vida \u00e9 prioridade&#8221;"},"content":{"rendered":"<p>O governador do Estado do Tocantins, Mauro Carlesse, esteve na manh\u00e3 desta quinta-feira, 7, em vistoria na ponte de Porto Nacional, na Rodovia TO-255. O chefe do Poder Executivo viu, de perto, a atual situa\u00e7\u00e3o da superestrutura e determinou que a ponte seja interditada, de acordo com o cronograma j\u00e1 divulgado pela Ag\u00eancia Tocantinense de Transportes e Obras\u00a0(Ageto), para que sejam feitos os estudos necess\u00e1rios.<\/p>\n<p>&#8220;A ponte est\u00e1 interditada para que os t\u00e9cnicos possam trabalhar e n\u00f3s tenhamos seguran\u00e7a para tomar a decis\u00e3o que n\u00e3o coloque vidas em risco&#8221;, afirmou o governador.<\/p>\n<p>Ao ser questionado pela imprensa sobre os impactos financeiros que o munic\u00edpio de Porto Nacional pode sofrer com a interdi\u00e7\u00e3o, o governador ressaltou que sua prioridade \u00e9 preservar vidas e evitar uma trag\u00e9dia. &#8220;Entendo a situa\u00e7\u00e3o, mas \u00e9 preciso primeiramente preservar a vida das pessoas, essa \u00e9 nossa prioridade. A interdi\u00e7\u00e3o ser\u00e1 mantida somente enquanto s\u00e3o feitos esses estudos e n\u00e3o podemos colocar a vida de ningu\u00e9m em risco\u201d, explicou.<\/p>\n<p>O governador disse ainda que os ajustes que est\u00e3o sendo promovidos nas contas p\u00fablicas, s\u00e3o para viabilizar a capta\u00e7\u00e3o de recursos que possibilitar\u00e3o a constru\u00e7\u00e3o de uma nova ponte em Porto Nacional. &#8220;Por isso estamos fazendo essa reforma, para reenquadrar o Estado na Lei de Responsabilidade Fiscal, para levar o Tocantins para a letra &#8220;B&#8221; [da Secretaria do Tesouro Nacional], para termos acesso ao financiamento da Caixa Econ\u00f4mica Federal. N\u00f3s vamos construir uma nova ponte&#8221;, assegurou.<\/p>\n<p>Acompanharam o governador, o presidente da Assembleia Legislativa, deputado Ant\u00f4nio Andrade; o prefeito de Porto Nacional, Joaquim Maia; o secret\u00e1rio de Estado da Infraestrutura, Cidades e Habita\u00e7\u00e3o, Renato de Assun\u00e7\u00e3o; o presidente da Ageto, Virg\u00edlio da Silva Azevedo; e o\u00a0comandante-geral do Corpo de Bombeiros; coronel Reginaldo Leandro da Silva.<\/p>\n","protected":false},"excerpt":{"rendered":"<p>O governador do Estado do Tocantins, Mauro Carlesse, esteve na manh\u00e3 desta quinta-feira, 7, em vistoria na ponte de Porto Nacional, na Rodovia TO-255. O chefe do Poder Executivo viu, de perto, a atual situa\u00e7\u00e3o da superestrutura e determinou que a ponte seja interditada, de acordo com o cronograma j\u00e1 divulgado pela Ag\u00eancia Tocantinense de [&hellip;]<\/p>\n","protected":false},"author":2,"featured_media":2560,"comment_status":"open","ping_status":"open","sticky":false,"template":"","format":"standard","meta":[],"categories":[2,4],"tags":[],"_links":{"self":[{"href":"https:\/\/dgospel.com.br\/portal\/index.php\/wp-json\/wp\/v2\/posts\/2559"}],"collection":[{"href":"https:\/\/dgospel.com.br\/portal\/index.php\/wp-json\/wp\/v2\/posts"}],"about":[{"href":"https:\/\/dgospel.com.br\/portal\/index.php\/wp-json\/wp\/v2\/types\/post"}],"author":[{"embeddable":true,"href":"https:\/\/dgospel.com.br\/portal\/index.php\/wp-json\/wp\/v2\/users\/2"}],"replies":[{"embeddable":true,"href":"https:\/\/dgospel.com.br\/portal\/index.php\/wp-json\/wp\/v2\/comments?post=2559"}],"version-history":[{"count":1,"href":"https:\/\/dgospel.com.br\/portal\/index.php\/wp-json\/wp\/v2\/posts\/2559\/revisions"}],"predecessor-version":[{"id":2561,"href":"https:\/\/dgospel.com.br\/portal\/index.php\/wp-json\/wp\/v2\/posts\/2559\/revisions\/2561"}],"wp:featuredmedia":[{"embeddable":true,"href":"https:\/\/dgospel.com.br\/portal\/index.php\/wp-json\/wp\/v2\/media\/2560"}],"wp:attachment":[{"href":"https:\/\/dgospel.com.br\/portal\/index.php\/wp-json\/wp\/v2\/media?parent=2559"}],"wp:term":[{"taxonomy":"category","embeddable":true,"href":"https:\/\/dgospel.com.br\/portal\/index.php\/wp-json\/wp\/v2\/categories?post=2559"},{"taxonomy":"post_tag","embeddable":true,"href":"https:\/\/dgospel.com.br\/portal\/index.php\/wp-json\/wp\/v2\/tags?post=2559"}],"curies":[{"name":"wp","href":"https:\/\/api.w.org\/{rel}","templated":true}]}}