{"id":2562,"date":"2019-02-08T00:58:38","date_gmt":"2019-02-08T02:58:38","guid":{"rendered":"http:\/\/dgospel.com.br\/portal\/?p=2562"},"modified":"2019-02-08T00:58:38","modified_gmt":"2019-02-08T02:58:38","slug":"feliciano-ora-consagrando-gabinete-e-mandato-de-abilio-santana-e-flordelis","status":"publish","type":"post","link":"https:\/\/dgospel.com.br\/portal\/index.php\/2019\/02\/08\/feliciano-ora-consagrando-gabinete-e-mandato-de-abilio-santana-e-flordelis\/","title":{"rendered":"Feliciano ora consagrando gabinete e mandato de Ab\u00edlio Santana e Flordelis"},"content":{"rendered":"<p>O pastor Ab\u00edlio Santana (PROS-BA) iniciou o cumprimento de seu primeiro mandato como deputado federal consagrando seu gabinete a Deus, num momento de ora\u00e7\u00e3o conduzido pelo colega de parlamento, pastor Marco Feliciano (PODE-SP).<\/p>\n<p>A celebra\u00e7\u00e3o foi realizada com a presen\u00e7a de outros l\u00edderes evang\u00e9licos convidados, como a cantora Flordelis (tamb\u00e9m eleita para seu primeiro mandato na C\u00e2mara dos Deputados), e teve como objetivo entregar a Deus o mandato e a equipe de trabalho do pastor, al\u00e9m de sua vida e minist\u00e9rio. Ab\u00edlio Santana foi eleito ap\u00f3s ter sofrido\u00a0<a href=\"https:\/\/noticias.gospelmais.com.br\/pastor-abilio-santana-grave-acidente-viagem-102494.html\"><strong>um grave acidente<\/strong><\/a>\u00a0durante a campanha, em setembro de 2018.<\/p>\n<p>Feliciano pediu a Deus que \u201cblinde\u201d Ab\u00edlio Santana de todo o mal durante seu trabalho na C\u00e2mara dos Deputados. \u201cA pessoa mais importante que ele entendeu ser, e convidou, foi o Senhor. Que o Seu anjo, bem forte, fique na porta desse gabinete, com uma espada de fogo flamejante, e n\u00e3o permita, Deus, que o mal, materializado ou em esp\u00edrito, se aproxime desse lugar\u201d, pediu o pastor, durante a ora\u00e7\u00e3o.<\/p>\n<p>\u201cQue o Senhor blinde, livre, do homem mau, do homem violento, do homem sanguin\u00e1rio, dos dem\u00f4nios, da for\u00e7a dos acidentes, das trag\u00e9dias. Que o Senhor livre e coloque Seu filho num lugar onde s\u00f3 Sua m\u00e3o possa alcan\u00e7\u00e1-lo. Torne-o invis\u00edvel aos olhos do diabo, e que neste mandato, o Senhor exalte o minist\u00e9rio do Teu filho, em nome do Pai, do Filho e do Esp\u00edrito Santo\u201d, acrescentou Marco Feliciano.<\/p>\n<p>https:\/\/youtu.be\/pN5E1fkmYS0<\/p>\n<p>Em ora\u00e7\u00e3o pelo mandato de Flordelis, Felciiano agradeceu pela vida da cantora: \u201cHoje \u00e9 anivers\u00e1rio dela. Sabemos que Sua serva n\u00e3o tem tido necessidade de nada, mas Te pedimos que aquele presente que o dinheiro n\u00e3o pode comprar, a sa\u00fade, a paz, a un\u00e7\u00e3o e a fam\u00edlia sempre ao redor da mesa, nunca falte \u00e0 vida dela. Que o Senhor d\u00ea a ela um mandato de paz, aben\u00e7oado. Que o Senhor eleve o nome da Sua filha, e proteja com uma muralha de fogo, em nome de Jesus\u201d.<\/p>\n<p><strong>Consagra\u00e7\u00e3o<\/strong><\/p>\n<p>O mesmo gesto foi realizado pela deputada federal Joice Hasselmann (PSL-SP), tamb\u00e9m estreante na C\u00e2mara dos Deputados. Ela convidou pastores e um rabino para\u00a0<a href=\"https:\/\/noticias.gospelmais.com.br\/joice-hasselmann-culto-exorcizar-lula-gabinete-107494.html\"><strong>consagrar seu gabinete<\/strong><\/a>, e explicou que sua iniciativa era motivada pelo desejo de \u201cexorcizar\u201d o espa\u00e7o, j\u00e1 que durante 1987 e 1988 ele havia servido ao ent\u00e3o deputado constituinte Luiz In\u00e1cio Lula da Silva (PT).<\/p>\n<p>\u201cComo mulher temente a Deus, a gente tem que consagrar esse espa\u00e7o aqui ao nosso Deus. E eu resolvi fazer esse culto ecum\u00eanico\u201d, explicou a deputada, que foi acompanhada, inclusive, pelo deputado S\u00f3stenes Cavalcante (DEM-RJ).<\/p>\n<p><iframe loading=\"lazy\" title=\"Feliciano e Flordelis ungem gabinete de Ab\u00edlio Santana - Pleno.News\" width=\"630\" height=\"354\" src=\"https:\/\/www.youtube.com\/embed\/RvVhEIwfe18?feature=oembed\" frameborder=\"0\" allow=\"accelerometer; autoplay; encrypted-media; gyroscope; picture-in-picture\" allowfullscreen><\/iframe><\/p>\n<p>&nbsp;<\/p>\n<p>Fonte:\u00a0gospelmai<\/p>\n","protected":false},"excerpt":{"rendered":"<p>O pastor Ab\u00edlio Santana (PROS-BA) iniciou o cumprimento de seu primeiro mandato como deputado federal consagrando seu gabinete a Deus, num momento de ora\u00e7\u00e3o conduzido pelo colega de parlamento, pastor Marco Feliciano (PODE-SP). A celebra\u00e7\u00e3o foi realizada com a presen\u00e7a de outros l\u00edderes evang\u00e9licos convidados, como a cantora Flordelis (tamb\u00e9m eleita para seu primeiro mandato [&hellip;]<\/p>\n","protected":false},"author":2,"featured_media":2563,"comment_status":"open","ping_status":"open","sticky":false,"template":"","format":"standard","meta":[],"categories":[2,5,4],"tags":[],"_links":{"self":[{"href":"https:\/\/dgospel.com.br\/portal\/index.php\/wp-json\/wp\/v2\/posts\/2562"}],"collection":[{"href":"https:\/\/dgospel.com.br\/portal\/index.php\/wp-json\/wp\/v2\/posts"}],"about":[{"href":"https:\/\/dgospel.com.br\/portal\/index.php\/wp-json\/wp\/v2\/types\/post"}],"author":[{"embeddable":true,"href":"https:\/\/dgospel.com.br\/portal\/index.php\/wp-json\/wp\/v2\/users\/2"}],"replies":[{"embeddable":true,"href":"https:\/\/dgospel.com.br\/portal\/index.php\/wp-json\/wp\/v2\/comments?post=2562"}],"version-history":[{"count":1,"href":"https:\/\/dgospel.com.br\/portal\/index.php\/wp-json\/wp\/v2\/posts\/2562\/revisions"}],"predecessor-version":[{"id":2564,"href":"https:\/\/dgospel.com.br\/portal\/index.php\/wp-json\/wp\/v2\/posts\/2562\/revisions\/2564"}],"wp:featuredmedia":[{"embeddable":true,"href":"https:\/\/dgospel.com.br\/portal\/index.php\/wp-json\/wp\/v2\/media\/2563"}],"wp:attachment":[{"href":"https:\/\/dgospel.com.br\/portal\/index.php\/wp-json\/wp\/v2\/media?parent=2562"}],"wp:term":[{"taxonomy":"category","embeddable":true,"href":"https:\/\/dgospel.com.br\/portal\/index.php\/wp-json\/wp\/v2\/categories?post=2562"},{"taxonomy":"post_tag","embeddable":true,"href":"https:\/\/dgospel.com.br\/portal\/index.php\/wp-json\/wp\/v2\/tags?post=2562"}],"curies":[{"name":"wp","href":"https:\/\/api.w.org\/{rel}","templated":true}]}}