{"id":2565,"date":"2019-02-08T01:02:00","date_gmt":"2019-02-08T03:02:00","guid":{"rendered":"http:\/\/dgospel.com.br\/portal\/?p=2565"},"modified":"2019-02-08T01:02:00","modified_gmt":"2019-02-08T03:02:00","slug":"governador-mauro-carlesse-e-vice-wanderlei-barbosa-sao-homenageados-pelo-tribunal-de-contas-do-estado","status":"publish","type":"post","link":"https:\/\/dgospel.com.br\/portal\/index.php\/2019\/02\/08\/governador-mauro-carlesse-e-vice-wanderlei-barbosa-sao-homenageados-pelo-tribunal-de-contas-do-estado\/","title":{"rendered":"Governador Mauro Carlesse e vice Wanderlei Barbosa s\u00e3o homenageados pelo Tribunal de Contas do Estado"},"content":{"rendered":"<p>O governador Mauro Carlesse e o vice-governador\u00a0Wanderlei Barbosa\u00a0foram homenageados, nesta\u00a0quinta-feira,\u00a07, com a maior honraria do Tribunal de Contas do\u00a0Estado do Tocantins (TCE), o Colar do M\u00e9rito Governador Siqueira Campos. As homenagens\u00a0ocorreram\u00a0durante a sess\u00e3o solene de posse da nova Mesa Diretora daquele tribunal.<\/p>\n<p>A sess\u00e3o solene, tamb\u00e9m alusiva aos 30 anos do Tribunal de Contas, foi marcada pela entrega das duas maiores honrarias concedidas pelo TCE-TO, que s\u00e3o o Colar do M\u00e9rito Governador Siqueira Campos e a Medalha do M\u00e9rito Funcional.<\/p>\n<p>Ao ser homenageado\u00a0com o Colar do M\u00e9rito, o governador Mauro Carlesse afirmou que ficou muito feliz com a homenagem recebida, \u201cainda mais que a honraria leva o nome do ex-governador Siqueira Campos\u201d. O governador acrescentou ainda que deseja fazer um trabalho pelo Tocantins que tamb\u00e9m possa ser reconhecido no futuro.<\/p>\n<p>J\u00e1 Wanderlei Barbosa considerou que a homenagem foi um reconhecimento pelo que ele j\u00e1 fez pelo Tribunal de Contas e pelo Estado, enquanto homem p\u00fablico. Ele informou que pretende continuar trabalhando, observando a import\u00e2ncia da rela\u00e7\u00e3o institucional e a rela\u00e7\u00e3o com o Tribunal de Contas do Estado, \u201cque faz o controle das contas p\u00fablicas e orienta gestores para n\u00e3o errarem. Fico muito honrado em receber uma homenagem t\u00e3o importante\u201d, finaliza.<\/p>\n<p>O conselheiro Severiano Costandrade\u00a0assumiu a presid\u00eancia da Corte de Contas do Tocantins para o bi\u00eanio 2019\/2020. Tamb\u00e9m foram empossados os conselheiros Alberto Sevilha, vice-presidente;\u00a0e Wagner Praxedes, corregedor.<\/p>\n","protected":false},"excerpt":{"rendered":"<p>O governador Mauro Carlesse e o vice-governador\u00a0Wanderlei Barbosa\u00a0foram homenageados, nesta\u00a0quinta-feira,\u00a07, com a maior honraria do Tribunal de Contas do\u00a0Estado do Tocantins (TCE), o Colar do M\u00e9rito Governador Siqueira Campos. As homenagens\u00a0ocorreram\u00a0durante a sess\u00e3o solene de posse da nova Mesa Diretora daquele tribunal. A sess\u00e3o solene, tamb\u00e9m alusiva aos 30 anos do Tribunal de Contas, foi [&hellip;]<\/p>\n","protected":false},"author":2,"featured_media":2566,"comment_status":"open","ping_status":"open","sticky":false,"template":"","format":"standard","meta":[],"categories":[2,4],"tags":[],"_links":{"self":[{"href":"https:\/\/dgospel.com.br\/portal\/index.php\/wp-json\/wp\/v2\/posts\/2565"}],"collection":[{"href":"https:\/\/dgospel.com.br\/portal\/index.php\/wp-json\/wp\/v2\/posts"}],"about":[{"href":"https:\/\/dgospel.com.br\/portal\/index.php\/wp-json\/wp\/v2\/types\/post"}],"author":[{"embeddable":true,"href":"https:\/\/dgospel.com.br\/portal\/index.php\/wp-json\/wp\/v2\/users\/2"}],"replies":[{"embeddable":true,"href":"https:\/\/dgospel.com.br\/portal\/index.php\/wp-json\/wp\/v2\/comments?post=2565"}],"version-history":[{"count":1,"href":"https:\/\/dgospel.com.br\/portal\/index.php\/wp-json\/wp\/v2\/posts\/2565\/revisions"}],"predecessor-version":[{"id":2567,"href":"https:\/\/dgospel.com.br\/portal\/index.php\/wp-json\/wp\/v2\/posts\/2565\/revisions\/2567"}],"wp:featuredmedia":[{"embeddable":true,"href":"https:\/\/dgospel.com.br\/portal\/index.php\/wp-json\/wp\/v2\/media\/2566"}],"wp:attachment":[{"href":"https:\/\/dgospel.com.br\/portal\/index.php\/wp-json\/wp\/v2\/media?parent=2565"}],"wp:term":[{"taxonomy":"category","embeddable":true,"href":"https:\/\/dgospel.com.br\/portal\/index.php\/wp-json\/wp\/v2\/categories?post=2565"},{"taxonomy":"post_tag","embeddable":true,"href":"https:\/\/dgospel.com.br\/portal\/index.php\/wp-json\/wp\/v2\/tags?post=2565"}],"curies":[{"name":"wp","href":"https:\/\/api.w.org\/{rel}","templated":true}]}}