{"id":2568,"date":"2019-02-11T18:41:08","date_gmt":"2019-02-11T20:41:08","guid":{"rendered":"http:\/\/dgospel.com.br\/portal\/?p=2568"},"modified":"2019-02-11T18:41:08","modified_gmt":"2019-02-11T20:41:08","slug":"mobilizacao-contra-hanseniase-no-parque-cesamar-alerta-sobre-os-cuidados-com-a-doenca","status":"publish","type":"post","link":"https:\/\/dgospel.com.br\/portal\/index.php\/2019\/02\/11\/mobilizacao-contra-hanseniase-no-parque-cesamar-alerta-sobre-os-cuidados-com-a-doenca\/","title":{"rendered":"Mobiliza\u00e7\u00e3o contra hansen\u00edase no Parque Cesamar alerta sobre os cuidados com a doen\u00e7a"},"content":{"rendered":"<p>A\u00a0Secretaria de Estado da Sa\u00fade (SES) e a\u00a0Coordena\u00e7\u00e3o do Programa Municipal de Hansen\u00edase de Palmas realizaram, nesse domingo, 10, uma mobiliza\u00e7\u00e3o educativa no Parque Cesamar em combate \u00e0 hansen\u00edase. A mobiliza\u00e7\u00e3o contou com a distribui\u00e7\u00e3o de material informativo e v\u00e1rios profissionais da sa\u00fade dispon\u00edveis para ajudar a tirar as d\u00favidas das pessoas em rela\u00e7\u00e3o \u00e0 doen\u00e7a, al\u00e9m de um consult\u00f3rio m\u00f3vel para diagn\u00f3stico.<\/p>\n<p>O evento faz parte do encerramento das atividades do Janeiro Roxo, que \u00e9 um m\u00eas de alerta e combate \u00e0\u00a0doen\u00e7a, onde os \u00f3rg\u00e3os\u00a0de sa\u00fade\u00a0realizam a\u00e7\u00f5es para alertar a popula\u00e7\u00e3o sobre cuidados, formas de cont\u00e1gio e tratamento.<\/p>\n<p>A assessora t\u00e9cnica da Hansen\u00edase da SES,\u00a0\u00a0Regina\u00a0Maria Figueiredo Garcia Teixeira, explica que a hansen\u00edase, nos dias atuais, \u00e9 uma doen\u00e7a trat\u00e1vel, completamente cur\u00e1vel. \u201cA gente s\u00f3 precisa que a popula\u00e7\u00e3o venha at\u00e9 a unidade de sa\u00fade para o diagn\u00f3stico. A medica\u00e7\u00e3o \u00e9 disponibilizada gratuitamente para a popula\u00e7\u00e3o, caso o paciente fa\u00e7a\u00a0o tratamento correto, fica completamente curado\u201d. Ela explica tamb\u00e9m que o diagn\u00f3stico \u00e9 totalmente cl\u00ednico, feito por meio\u00a0de um exame dermatol\u00f3gico. \u201cO paciente \u00e9 avaliado dermato neurologicamente, ou seja, se olha os nervos,\u00a0a pele, os membros do paciente e baseado em alguma queixa que ele possa ter. Voc\u00ea n\u00e3o precisa de um exame para diagnosticar hansen\u00edase, \u00e9 totalmente clinico&#8221;, frisou.<\/p>\n<p>A servidora p\u00fablica\u00a0Maria Luiza Gomes\u00a0estava passeando no Parque Cesamar e aproveitou para fazer uma avalia\u00e7\u00e3o. \u201cAchei de suma import\u00e2ncia essa a\u00e7\u00e3o da sa\u00fade, porque facilita pra gente que trabalha o dia todo. Eu aproveitei pra fazer uma avalia\u00e7\u00e3o junto com meu marido, s\u00f3 n\u00e3o se cuida quem n\u00e3o quer\u201d.<\/p>\n<p>O Tocantins \u00e9 um estado hiperend\u00eamico. Em\u00a02017, foram\u00a0registrados 1.144 casos; j\u00e1 em\u00a02018, foram 1.632 positivos;\u00a0destes ,116 eram crian\u00e7as menores de 16 anos.<\/p>\n<p><strong>Sobre a doen\u00e7a<\/strong><\/p>\n<p>A hansen\u00edase (Lepra) \u00e9 uma doen\u00e7a cr\u00f4nica, transmiss\u00edvel, de notifica\u00e7\u00e3o compuls\u00f3ria e investiga\u00e7\u00e3o obrigat\u00f3ria em todo territ\u00f3rio nacional. Possui como agente etiol\u00f3gico o\u00a0<em>Mycobacterium leprae<\/em>, bacilo que tem a capacidade de infectar grande n\u00famero de indiv\u00edduos, e atinge principalmente a pele e os nervos perif\u00e9ricos, com capacidade de ocasionar les\u00f5es neurais, conferindo, \u00e0 doen\u00e7a, um alto poder incapacitante, principal respons\u00e1vel pelo estigma e discrimina\u00e7\u00e3o \u00e0s pessoas acometidas pela doen\u00e7a.<\/p>\n<p><strong>Sinais e sintomas\u00a0<\/strong><\/p>\n<p>S\u00e3o sinais e sintomas da hansen\u00edase: manchas esbranqui\u00e7adas (hipocr\u00f4micas) ou eritematosas, les\u00f5es infiltradas e avermelhadas, diminui\u00e7\u00e3o ou perda de sensibilidade (a pessoa pode sentir formigamentos e\/ou choques e\/ou c\u00e2imbras que evoluem para dorm\u00eancia &#8211; se queima ou machuca sem perceber); infiltra\u00e7\u00f5es e n\u00f3dulos principalmente na face e pavilh\u00f5es auricular, diminui\u00e7\u00e3o ou queda de pelos, localizada ou difusa, especialmente sobrancelhas e c\u00edlios; falta ou aus\u00eancia de sudorese no local da mancha, pele e olhos ressecados, obstru\u00e7\u00e3o nasal, dentre outros.<\/p>\n","protected":false},"excerpt":{"rendered":"<p>A\u00a0Secretaria de Estado da Sa\u00fade (SES) e a\u00a0Coordena\u00e7\u00e3o do Programa Municipal de Hansen\u00edase de Palmas realizaram, nesse domingo, 10, uma mobiliza\u00e7\u00e3o educativa no Parque Cesamar em combate \u00e0 hansen\u00edase. A mobiliza\u00e7\u00e3o contou com a distribui\u00e7\u00e3o de material informativo e v\u00e1rios profissionais da sa\u00fade dispon\u00edveis para ajudar a tirar as d\u00favidas das pessoas em rela\u00e7\u00e3o \u00e0 [&hellip;]<\/p>\n","protected":false},"author":2,"featured_media":2569,"comment_status":"open","ping_status":"open","sticky":false,"template":"","format":"standard","meta":[],"categories":[2,3],"tags":[],"_links":{"self":[{"href":"https:\/\/dgospel.com.br\/portal\/index.php\/wp-json\/wp\/v2\/posts\/2568"}],"collection":[{"href":"https:\/\/dgospel.com.br\/portal\/index.php\/wp-json\/wp\/v2\/posts"}],"about":[{"href":"https:\/\/dgospel.com.br\/portal\/index.php\/wp-json\/wp\/v2\/types\/post"}],"author":[{"embeddable":true,"href":"https:\/\/dgospel.com.br\/portal\/index.php\/wp-json\/wp\/v2\/users\/2"}],"replies":[{"embeddable":true,"href":"https:\/\/dgospel.com.br\/portal\/index.php\/wp-json\/wp\/v2\/comments?post=2568"}],"version-history":[{"count":1,"href":"https:\/\/dgospel.com.br\/portal\/index.php\/wp-json\/wp\/v2\/posts\/2568\/revisions"}],"predecessor-version":[{"id":2570,"href":"https:\/\/dgospel.com.br\/portal\/index.php\/wp-json\/wp\/v2\/posts\/2568\/revisions\/2570"}],"wp:featuredmedia":[{"embeddable":true,"href":"https:\/\/dgospel.com.br\/portal\/index.php\/wp-json\/wp\/v2\/media\/2569"}],"wp:attachment":[{"href":"https:\/\/dgospel.com.br\/portal\/index.php\/wp-json\/wp\/v2\/media?parent=2568"}],"wp:term":[{"taxonomy":"category","embeddable":true,"href":"https:\/\/dgospel.com.br\/portal\/index.php\/wp-json\/wp\/v2\/categories?post=2568"},{"taxonomy":"post_tag","embeddable":true,"href":"https:\/\/dgospel.com.br\/portal\/index.php\/wp-json\/wp\/v2\/tags?post=2568"}],"curies":[{"name":"wp","href":"https:\/\/api.w.org\/{rel}","templated":true}]}}