{"id":2574,"date":"2019-02-12T17:15:18","date_gmt":"2019-02-12T19:15:18","guid":{"rendered":"http:\/\/dgospel.com.br\/portal\/?p=2574"},"modified":"2019-02-12T17:15:18","modified_gmt":"2019-02-12T19:15:18","slug":"bolsonaro-e-escolhido-pessoa-do-ano-de-2019-pela-camara-de-comercio-brasil-estados-unidos","status":"publish","type":"post","link":"https:\/\/dgospel.com.br\/portal\/index.php\/2019\/02\/12\/bolsonaro-e-escolhido-pessoa-do-ano-de-2019-pela-camara-de-comercio-brasil-estados-unidos\/","title":{"rendered":"Bolsonaro \u00e9 escolhido Pessoa do Ano de 2019 pela C\u00e2mara de Com\u00e9rcio Brasil-Estados Unidos"},"content":{"rendered":"<p>O presidente\u00a0<strong><a href=\"https:\/\/guiame.com.br\/gospel\/noticias\/bolsonaro-se-reunira-com-trump-em-marco-diz-chanceler-brasileiro.html\">Jair Bolsonaro<\/a><\/strong>\u00a0foi escolhido como a Pessoa do Ano pela C\u00e2mara de Com\u00e9rcio Brasil-Estados Unidos, em reconhecimento \u00e0 inten\u00e7\u00e3o manifestada de estreitar os la\u00e7os comerciais bilaterais, informou a entidade com sede em Nova Iorque nesta segunda-feira (11).<\/p>\n<p>O presidente deve viajar para a cidade, onde a homenagem acontecer\u00e1 com um jantar de gala no Museu Americano de Hist\u00f3ria Natural em 14 de maio pr\u00f3ximo. Segundo a C\u00e2mara, mais de mil l\u00edderes, entre empres\u00e1rios, nomes do mercado financeiro e da diplomacia, costumam participar do evento para homenagear os eleitos.<\/p>\n<p>Concedida h\u00e1 49 anos, a premia\u00e7\u00e3o busca homenagear dois l\u00edderes, um brasileiro e um americano, reconhecidos pela atua\u00e7\u00e3o em aproximar e melhorar as rela\u00e7\u00f5es entre EUA e Brasil. O comit\u00ea organizador do pr\u00eamio diz ainda n\u00e3o ter o nome da personalidade americana agraciada neste ano.<\/p>\n<p>O premiado brasileiro em 2018 foi o ent\u00e3o juiz\u00a0<strong><a href=\"https:\/\/guiame.com.br\/gospel\/noticias\/sergio-moro-ira-comandar-o-ministerio-da-justica-no-governo-bolsonaro.html\">S\u00e9rgio Moro<\/a><\/strong>, atual ministro da Justi\u00e7a e Seguran\u00e7a Social do governo Bolsonaro.<\/p>\n<p>Em comunicado, a C\u00e2mara diz que a escolha de Bolsonaro \u00e9 um \u201creconhecimento de sua inten\u00e7\u00e3o fortemente declarada de fomentar la\u00e7os comerciais e diplom\u00e1ticos mais pr\u00f3ximos entre Brasil e Estados Unidos e seu firme comprometimento em construir uma parceria forte e duradoura entre as duas na\u00e7\u00f5es.\u201d<\/p>\n<p>Em meio ao an\u00fancio, o presidente divulgou levantamento da Funda\u00e7\u00e3o Get\u00falio Vargas (FGV), apontando que o Brasil \u00e9 o pa\u00eds que apresentou maior melhora do clima econ\u00f4mico na Am\u00e9rica Latina. \u201cSa\u00edmos de -33,9 em Outubro de 2018 para +3,6 em Janeiro de 2019, um aumento de 240%. Queremos e podemos ainda mais!\u201d, escreveu Bolsonaro no Twitter.<\/p>\n<p>FONTE: GUIAME, COM INFORMA\u00c7\u00d5ES DA FOLHA DE S. PAULO<\/p>\n","protected":false},"excerpt":{"rendered":"<p>O presidente\u00a0Jair Bolsonaro\u00a0foi escolhido como a Pessoa do Ano pela C\u00e2mara de Com\u00e9rcio Brasil-Estados Unidos, em reconhecimento \u00e0 inten\u00e7\u00e3o manifestada de estreitar os la\u00e7os comerciais bilaterais, informou a entidade com sede em Nova Iorque nesta segunda-feira (11). O presidente deve viajar para a cidade, onde a homenagem acontecer\u00e1 com um jantar de gala no Museu [&hellip;]<\/p>\n","protected":false},"author":2,"featured_media":2575,"comment_status":"open","ping_status":"open","sticky":false,"template":"","format":"standard","meta":[],"categories":[2,10,6],"tags":[],"_links":{"self":[{"href":"https:\/\/dgospel.com.br\/portal\/index.php\/wp-json\/wp\/v2\/posts\/2574"}],"collection":[{"href":"https:\/\/dgospel.com.br\/portal\/index.php\/wp-json\/wp\/v2\/posts"}],"about":[{"href":"https:\/\/dgospel.com.br\/portal\/index.php\/wp-json\/wp\/v2\/types\/post"}],"author":[{"embeddable":true,"href":"https:\/\/dgospel.com.br\/portal\/index.php\/wp-json\/wp\/v2\/users\/2"}],"replies":[{"embeddable":true,"href":"https:\/\/dgospel.com.br\/portal\/index.php\/wp-json\/wp\/v2\/comments?post=2574"}],"version-history":[{"count":1,"href":"https:\/\/dgospel.com.br\/portal\/index.php\/wp-json\/wp\/v2\/posts\/2574\/revisions"}],"predecessor-version":[{"id":2576,"href":"https:\/\/dgospel.com.br\/portal\/index.php\/wp-json\/wp\/v2\/posts\/2574\/revisions\/2576"}],"wp:featuredmedia":[{"embeddable":true,"href":"https:\/\/dgospel.com.br\/portal\/index.php\/wp-json\/wp\/v2\/media\/2575"}],"wp:attachment":[{"href":"https:\/\/dgospel.com.br\/portal\/index.php\/wp-json\/wp\/v2\/media?parent=2574"}],"wp:term":[{"taxonomy":"category","embeddable":true,"href":"https:\/\/dgospel.com.br\/portal\/index.php\/wp-json\/wp\/v2\/categories?post=2574"},{"taxonomy":"post_tag","embeddable":true,"href":"https:\/\/dgospel.com.br\/portal\/index.php\/wp-json\/wp\/v2\/tags?post=2574"}],"curies":[{"name":"wp","href":"https:\/\/api.w.org\/{rel}","templated":true}]}}