{"id":2577,"date":"2019-02-12T17:22:30","date_gmt":"2019-02-12T19:22:30","guid":{"rendered":"http:\/\/dgospel.com.br\/portal\/?p=2577"},"modified":"2019-02-12T17:22:30","modified_gmt":"2019-02-12T19:22:30","slug":"stf-pode-proibir-pastores-de-pregarem-contra-homossexualidade-nos-cultos","status":"publish","type":"post","link":"https:\/\/dgospel.com.br\/portal\/index.php\/2019\/02\/12\/stf-pode-proibir-pastores-de-pregarem-contra-homossexualidade-nos-cultos\/","title":{"rendered":"STF pode proibir pastores de pregarem contra homossexualidade nos cultos"},"content":{"rendered":"<p>O\u00a0<strong><a href=\"https:\/\/guiame.com.br\/gospel\/mundo-cristao\/stf-libera-material-didatico-sobre-ideologia-de-genero-nas-escolas-em-palmas.html\">Supremo Tribunal Federal (STF)<\/a><\/strong>\u00a0come\u00e7a a julgar a chamada pauta de costumes, que inclui no \u201cpacote\u201d a criminaliza\u00e7\u00e3o da homofobia. A discuss\u00e3o sobre o tema est\u00e1 marcada para a pr\u00f3xima quarta-feira (13) e se antecipa \u00e0 pauta do tema no Congresso Nacional, onde a proposta sofre resist\u00eancia das bancadas evang\u00e9lica e do PSL \u2013 partido de Jair Bolsonaro.<\/p>\n<p>As bancadas veem na medida uma forma de proibir\u00a0<strong><a href=\"https:\/\/guiame.com.br\/gospel\/mundo-cristao\/pastor-acusado-de-homofobia-por-pregar-o-evangelho-vence-batalha-judicial-em-uganda.html\">pastores de pregarem contra a homossexualidade<\/a>\u00a0<\/strong>em templos religiosos.<\/p>\n<p>O presidente do STF, ministro Dias Toffoli foi quem definiu o in\u00edcio das discuss\u00f5es da \u201cpauta de costumes\u201d, a partir do julgamento de a\u00e7\u00f5es do PPS e da Associa\u00e7\u00e3o Brasileira de Gays, L\u00e9sbicas, Bissexuais, Travestis, Transexuais e Intersexos (ABGLT) sobre a discrimina\u00e7\u00e3o contra homossexuais e transexuais. A discrimina\u00e7\u00e3o contra homossexuais e transexuais ter\u00e1 prioridade.<\/p>\n<p>O partido PPS e a ABGLT querem que o Supremo n\u00e3o apenas declare o Congresso omisso por n\u00e3o ter votado projeto de lei que criminaliza a homofobia, mas tamb\u00e9m d\u00ea um prazo final para que os parlamentares aprovem uma legisla\u00e7\u00e3o criminal que puna especificamente viol\u00eancia f\u00edsica, discursos de \u00f3dio e homic\u00eddios por causa da orienta\u00e7\u00e3o sexual da v\u00edtima.<\/p>\n<p>Como justificativa para as discuss\u00f5es das a\u00e7\u00f5es sobre a discrimina\u00e7\u00e3o contra homossexuais e transexuais, os ministros da Corte afirmam que o Supremo n\u00e3o pode deixar de cumprir o seu papel de defender minorias e zelar pelo cumprimento da Constitui\u00e7\u00e3o.<\/p>\n<p>\u201cS\u00e3o (<em>temas<\/em>) de interesse da sociedade. O que n\u00f3s precisamos no Pa\u00eds \u00e9 de mais seguran\u00e7a jur\u00eddica, saber o que pode e o que n\u00e3o pode ocorrer no dia a dia da vida greg\u00e1ria\u201d, disse ao Estado o ministro Marco Aur\u00e9lio Mello. \u201cN\u00e3o h\u00e1 colis\u00e3o com o Planalto. O Planalto respeita a atua\u00e7\u00e3o do Judici\u00e1rio e o Judici\u00e1rio, tanto quanto poss\u00edvel, desde que n\u00e3o seja provocado e n\u00e3o caiba atuar de forma diversa, respeita a atua\u00e7\u00e3o (<em>do Planalto<\/em>).\u201d<\/p>\n<p>Para a psic\u00f3logoa Marisa Lobo, h\u00e1 confus\u00e3o quando se fala em acabar com o preconceito contra as \u201cminorias sexuais\u201d (g\u00eaneros e LGBTT&#8217;s) para promover \u201ca igualdade entre os seres humanos\u201d.<\/p>\n<p>\u201cSeria aceit\u00e1vel se n\u00e3o usassem como estrat\u00e9gia a relativiza\u00e7\u00e3o moral, religiosa, impondo ideologias, pensamentos subversivos, tentando convencer com fal\u00e1cias apelativas e emocionais que, o g\u00eanero Bin\u00e1rio (titulo que d\u00e3o \u00e0 heterossexualidade, que tem apenas dois g\u00eaneros-masculino e feminino) s\u00f3 \u00e9 considerado normal dentro de uma sociedade heteronomativa, porque segundo, esses doutrinadores, \u201cuma sociedade religiosa e proselitista normatizou este modelo e pro\u00edbe os outros g\u00eaneros [n\u00e3o bin\u00e1rios] de existirem\u201d.<\/p>\n<p>A psic\u00f3loga crist\u00e3 tamb\u00e9m diz que \u201cuma mentira dita centenas de vezes acaba sendo aceita como &#8220;verdade&#8221;. E \u00e9 dessa forma que se doutrina alunos e a sociedade, com apelos, pol\u00edticos, midi\u00e1ticos e at\u00e9 fal\u00e1cias \u2018jur\u00eddicas\u2019, amea\u00e7ando, alienando e manipulando, de forma repetitiva, fazendo uma lavagem cerebral em todos de mente fraca que se inclinarem a ouvi-los, sem um m\u00ednimo de censo cr\u00edtico\u201d.<\/p>\n<p>Al\u00e9m da criminaliza\u00e7\u00e3o da homofobia, a pauta de costumes inclui ainda descriminaliza\u00e7\u00e3o da maconha para uso pessoal\u00a0e aborto de gr\u00e1vidas com zika.<\/p>\n<p><strong>PAUTA DE COSTUMES &#8211; O QUE SER\u00c1 JULGADO<\/strong><\/p>\n<p><strong>Criminaliza\u00e7\u00e3o da homofobia\u00a0<\/strong><\/p>\n<p>&#8211; Relatores: Celso de Mello e Edson Fachin.<\/p>\n<p>&#8211; Quem entrou com os processos: Associa\u00e7\u00e3o Brasileira de L\u00e9sbicas, Gays, Bissexuais, Travestis, Transexuais e Intersexos (ABGLT) e PPS, que apontam \u201comiss\u00e3o\u201d do Congresso ao n\u00e3o tornar crime a homofobia.<\/p>\n<p>&#8211; Quando os processos chegaram ao STF: Maio de 2012 e dezembro de 2013, respectivamente.<\/p>\n<p>&#8211;\u00a0 Julgamento: nesta quarta-feira, 13.<\/p>\n<p><strong>Puni\u00e7\u00e3o a jovens infratores<\/strong><\/p>\n<p>&#8211; Relator: Gilmar\u00a0Mendes.<\/p>\n<p>&#8211; Quem entrou com o\u00a0processo: Partido Social Liberal (PSL), que questiona dispositivos do Estatuto da Crian\u00e7a e do Adolescente (ECA) \u2013 entre eles o\u00a0que veda a deten\u00e7\u00e3o de crian\u00e7as e adolescentes para averigua\u00e7\u00e3o ou por motivo de perambula\u00e7\u00e3o.<\/p>\n<p>&#8211; Quando o processo chegou ao STF: Mar\u00e7o de 2005.<\/p>\n<p>&#8211; Julgamento: 13 de mar\u00e7o.<\/p>\n<p><strong>Aborto de gr\u00e1vidas com zika\u00a0<\/strong><\/p>\n<p>&#8211; Relatora:\u00a0C\u00e1rmen L\u00facia.<\/p>\n<p>&#8211; Quem entrou com o processo: Associa\u00e7\u00e3o Nacional dos Defensores P\u00fablicos, que questiona lei de combate a doen\u00e7as transmitidas pelo Aedes aegypti.<\/p>\n<p>&#8211; Quando o processo chegou ao STF: Agosto de 2016.<\/p>\n<p>Julgamento: 22 de maio.<\/p>\n<p><strong>Descriminaliza\u00e7\u00e3o da maconha para uso pessoal\u00a0<\/strong><\/p>\n<p>&#8211; Relator: Gilmar Mendes.<\/p>\n<p>&#8211; Quem entrou com o processo: Defensoria P\u00fablica da Uni\u00e3o, que contesta lei que classifica como crime o uso de drogas para consumo pr\u00f3prio.<\/p>\n<p>&#8211; Quando o processo chegou ao STF: Fevereiro de 2011.<\/p>\n<p>&#8211; Julgamento: 5 de junho.<\/p>\n<p>&nbsp;<\/p>\n<p>FONTE: GUIAME, COM INFORMA\u00c7\u00d5ES DO ESTAD\u00c3O<\/p>\n","protected":false},"excerpt":{"rendered":"<p>O\u00a0Supremo Tribunal Federal (STF)\u00a0come\u00e7a a julgar a chamada pauta de costumes, que inclui no \u201cpacote\u201d a criminaliza\u00e7\u00e3o da homofobia. A discuss\u00e3o sobre o tema est\u00e1 marcada para a pr\u00f3xima quarta-feira (13) e se antecipa \u00e0 pauta do tema no Congresso Nacional, onde a proposta sofre resist\u00eancia das bancadas evang\u00e9lica e do PSL \u2013 partido de [&hellip;]<\/p>\n","protected":false},"author":2,"featured_media":2578,"comment_status":"open","ping_status":"open","sticky":false,"template":"","format":"standard","meta":[],"categories":[2,5,6],"tags":[],"_links":{"self":[{"href":"https:\/\/dgospel.com.br\/portal\/index.php\/wp-json\/wp\/v2\/posts\/2577"}],"collection":[{"href":"https:\/\/dgospel.com.br\/portal\/index.php\/wp-json\/wp\/v2\/posts"}],"about":[{"href":"https:\/\/dgospel.com.br\/portal\/index.php\/wp-json\/wp\/v2\/types\/post"}],"author":[{"embeddable":true,"href":"https:\/\/dgospel.com.br\/portal\/index.php\/wp-json\/wp\/v2\/users\/2"}],"replies":[{"embeddable":true,"href":"https:\/\/dgospel.com.br\/portal\/index.php\/wp-json\/wp\/v2\/comments?post=2577"}],"version-history":[{"count":1,"href":"https:\/\/dgospel.com.br\/portal\/index.php\/wp-json\/wp\/v2\/posts\/2577\/revisions"}],"predecessor-version":[{"id":2579,"href":"https:\/\/dgospel.com.br\/portal\/index.php\/wp-json\/wp\/v2\/posts\/2577\/revisions\/2579"}],"wp:featuredmedia":[{"embeddable":true,"href":"https:\/\/dgospel.com.br\/portal\/index.php\/wp-json\/wp\/v2\/media\/2578"}],"wp:attachment":[{"href":"https:\/\/dgospel.com.br\/portal\/index.php\/wp-json\/wp\/v2\/media?parent=2577"}],"wp:term":[{"taxonomy":"category","embeddable":true,"href":"https:\/\/dgospel.com.br\/portal\/index.php\/wp-json\/wp\/v2\/categories?post=2577"},{"taxonomy":"post_tag","embeddable":true,"href":"https:\/\/dgospel.com.br\/portal\/index.php\/wp-json\/wp\/v2\/tags?post=2577"}],"curies":[{"name":"wp","href":"https:\/\/api.w.org\/{rel}","templated":true}]}}