{"id":258,"date":"2018-05-19T11:56:23","date_gmt":"2018-05-19T14:56:23","guid":{"rendered":"http:\/\/dgospel.com.br\/portal\/?p=258"},"modified":"2018-05-19T11:56:23","modified_gmt":"2018-05-19T14:56:23","slug":"carlesse-inicia-em-palmeiras-intensa-agenda-no-bico-do-papagaio","status":"publish","type":"post","link":"https:\/\/dgospel.com.br\/portal\/index.php\/2018\/05\/19\/carlesse-inicia-em-palmeiras-intensa-agenda-no-bico-do-papagaio\/","title":{"rendered":"Carlesse inicia em Palmeiras intensa agenda no Bico do Papagaio"},"content":{"rendered":"<p class=\"yiv4557033410MsoNormal\">O governador interino e candidato ao Governo do Estado, Mauro Carlesse, da coliga\u00e7\u00e3o\u00a0<b><i>Governo de Atitude<\/i><\/b>, iniciou na manh\u00e3 deste s\u00e1bado, 19, uma intensa agenda de visitas e reuni\u00f5es no Bico do Papagaio. Ele chegou no in\u00edcio da manh\u00e3 para sua primeira atividade na regi\u00e3o: uma visita ao munic\u00edpio de Palmeiras do Tocantins, onde acontece neste s\u00e1bado uma cavalgada, parte da programa\u00e7\u00e3o da Feira Agropecu\u00e1ria da cidade.<\/p>\n<p class=\"yiv4557033410MsoNormal\">Carlesse foi recebido pela prefeita Nalva Braga e por seis vereadores do munic\u00edpio, al\u00e9m de l\u00edderes pol\u00edticos da regi\u00e3o, como a prefeita de Santa Terezinha, Professora Itelma; e o prefeito de Tocantin\u00f3polis, Paulo Gomes.<\/p>\n<p class=\"yiv4557033410MsoNormal\">Al\u00e9m da prefeita, em Palmeiras o Governador conta com apoio de seis vereadores: Jo\u00e3o Soares, Nanico, Arlan Rocha, Chacrinha, Cleuci e Nego Apavorado. De acordo com Nalva Braga, a escolha da maioria dos l\u00edderes pol\u00edticos da cidade por apoiar Carlesse tem como base a certeza de que o Governador \u00e9 o melhor nome para comandar o Tocantins. &#8220;Ele demonstrou ter um Governo de atitude e municipalista. N\u00f3s prefeitos precisamos de uma aten\u00e7\u00e3o especial do Governador para que possamos levar as demandas dos nossos munic\u00edpios. Outro fator primordial \u00e9 que sabemos da import\u00e2ncia de garantir a estabilidade do Estado neste momento&#8221;, apontou.<\/p>\n<p class=\"yiv4557033410MsoNormal\">Acompanhado do candidato a vice-governador, o deputado estadual Wanderley Barbosa; dos deputados federais Carlos Henrique Gaguim (DEM) e L\u00e1zaro Botelho (PP); e dos deputados estaduais Luana Ribeiro e Olyntho Neto (PSDB), o governador visitou o munic\u00edpio e a concentra\u00e7\u00e3o das comitivas para a cavalgada, na resid\u00eancia de Chico Braga, pai da prefeita Nalva Braga e primeiro prefeito de Palmeiras do Tocantins.<\/p>\n<p class=\"yiv4557033410MsoNormal\">A agenda no Bico do Papagaio segue at\u00e9 este domingo, 20. Ainda neste s\u00e1bado, Carlesse visitar\u00e1 os munic\u00edpios de Pau d&#8217;Arco, Arapoema, S\u00e3o Miguel, S\u00edtio Novo, Axix\u00e1 e Augustin\u00f3polis.<\/p>\n","protected":false},"excerpt":{"rendered":"<p>O governador interino e candidato ao Governo do Estado, Mauro Carlesse, da coliga\u00e7\u00e3o\u00a0Governo de Atitude, iniciou na manh\u00e3 deste s\u00e1bado, 19, uma intensa agenda de visitas e reuni\u00f5es no Bico do Papagaio. Ele chegou no in\u00edcio da manh\u00e3 para sua primeira atividade na regi\u00e3o: uma visita ao munic\u00edpio de Palmeiras do Tocantins, onde acontece neste [&hellip;]<\/p>\n","protected":false},"author":2,"featured_media":259,"comment_status":"open","ping_status":"open","sticky":false,"template":"","format":"standard","meta":[],"categories":[2,4],"tags":[],"_links":{"self":[{"href":"https:\/\/dgospel.com.br\/portal\/index.php\/wp-json\/wp\/v2\/posts\/258"}],"collection":[{"href":"https:\/\/dgospel.com.br\/portal\/index.php\/wp-json\/wp\/v2\/posts"}],"about":[{"href":"https:\/\/dgospel.com.br\/portal\/index.php\/wp-json\/wp\/v2\/types\/post"}],"author":[{"embeddable":true,"href":"https:\/\/dgospel.com.br\/portal\/index.php\/wp-json\/wp\/v2\/users\/2"}],"replies":[{"embeddable":true,"href":"https:\/\/dgospel.com.br\/portal\/index.php\/wp-json\/wp\/v2\/comments?post=258"}],"version-history":[{"count":1,"href":"https:\/\/dgospel.com.br\/portal\/index.php\/wp-json\/wp\/v2\/posts\/258\/revisions"}],"predecessor-version":[{"id":260,"href":"https:\/\/dgospel.com.br\/portal\/index.php\/wp-json\/wp\/v2\/posts\/258\/revisions\/260"}],"wp:featuredmedia":[{"embeddable":true,"href":"https:\/\/dgospel.com.br\/portal\/index.php\/wp-json\/wp\/v2\/media\/259"}],"wp:attachment":[{"href":"https:\/\/dgospel.com.br\/portal\/index.php\/wp-json\/wp\/v2\/media?parent=258"}],"wp:term":[{"taxonomy":"category","embeddable":true,"href":"https:\/\/dgospel.com.br\/portal\/index.php\/wp-json\/wp\/v2\/categories?post=258"},{"taxonomy":"post_tag","embeddable":true,"href":"https:\/\/dgospel.com.br\/portal\/index.php\/wp-json\/wp\/v2\/tags?post=258"}],"curies":[{"name":"wp","href":"https:\/\/api.w.org\/{rel}","templated":true}]}}