{"id":2580,"date":"2019-02-12T18:05:03","date_gmt":"2019-02-12T20:05:03","guid":{"rendered":"http:\/\/dgospel.com.br\/portal\/?p=2580"},"modified":"2019-02-12T18:05:03","modified_gmt":"2019-02-12T20:05:03","slug":"discurso-esquerdista-do-vice-presidente-hamilton-mourao-tem-causado-insatisfacao-de-lideres-evangelicos","status":"publish","type":"post","link":"https:\/\/dgospel.com.br\/portal\/index.php\/2019\/02\/12\/discurso-esquerdista-do-vice-presidente-hamilton-mourao-tem-causado-insatisfacao-de-lideres-evangelicos\/","title":{"rendered":"Discurso esquerdista do vice-presidente Hamilton Mour\u00e3o tem causado insatisfa\u00e7\u00e3o de l\u00edderes evang\u00e9licos"},"content":{"rendered":"<p style=\"line-height: 19.5pt; background: white; margin: 0cm 0cm 19.5pt 0cm;\"><span style=\"font-size: 11.5pt; font-family: 'Verdana','sans-serif'; color: #222222;\">O despreparo pol\u00edtico e o discurso independente e esquerdista do vice-presidente Hamilton Mour\u00e3o (PRTB) tem causado insatisfa\u00e7\u00e3o de grande parte do segmento evang\u00e9lico, considerado fundamental na elei\u00e7\u00e3o do presidente Jair Bolsonaro.<\/span><\/p>\n<p style=\"line-height: 19.5pt; background: white; box-sizing: border-box; overflow-wrap: break-word; font-variant-ligatures: normal; font-variant-caps: normal; orphans: 2; text-align: start; widows: 2; -webkit-text-stroke-width: 0px; text-decoration-style: initial; text-decoration-color: initial; word-spacing: 0px; margin: 0cm 0cm 19.5pt 0cm;\"><span style=\"font-size: 11.5pt; font-family: 'Verdana','sans-serif'; color: #222222;\">Nos \u00faltimos dias, l\u00edderes de igrejas que durante a campanha apoiaram explicitamente o candidato do PSL e representantes do segmento no Congresso expuseram a insatisfa\u00e7\u00e3o com o vice, principalmente ap\u00f3s ele se manifestar contra a transfer\u00eancia da embaixada brasileira em Israel para Jerusal\u00e9m.<\/span><\/p>\n<p style=\"line-height: 19.5pt; background: white; box-sizing: border-box; overflow-wrap: break-word; font-variant-ligatures: normal; font-variant-caps: normal; orphans: 2; text-align: start; widows: 2; -webkit-text-stroke-width: 0px; text-decoration-style: initial; text-decoration-color: initial; word-spacing: 0px; margin: 0cm 0cm 19.5pt 0cm;\"><span style=\"font-size: 11.5pt; font-family: 'Verdana','sans-serif'; color: #222222;\">As lideran\u00e7as religiosas e parlamentares da bancada evang\u00e9lica pretendem pressionar o presidente para que ele desautorize publicamente o vice. Bolsonaro permanece internado em S\u00e3o Paulo se recuperando da cirurgia para a reconstru\u00e7\u00e3o do tr\u00e2nsito intestinal.<\/span><\/p>\n<p style=\"line-height: 19.5pt; background: white; box-sizing: border-box; overflow-wrap: break-word; font-variant-ligatures: normal; font-variant-caps: normal; orphans: 2; text-align: start; widows: 2; -webkit-text-stroke-width: 0px; text-decoration-style: initial; text-decoration-color: initial; word-spacing: 0px; margin: 0cm 0cm 19.5pt 0cm;\"><span style=\"font-size: 11.5pt; font-family: 'Verdana','sans-serif'; color: #222222;\">Na condi\u00e7\u00e3o de presidente em exerc\u00edcio, Mour\u00e3o recebeu no \u00faltimo dia 28 o embaixador da Palestina no Brasil, Ibrahim Alzeben, e defendeu a posi\u00e7\u00e3o que contraria manifesta\u00e7\u00f5es anteriores do pr\u00f3prio Bolsonaro.<\/span><\/p>\n<p style=\"line-height: 19.5pt; background: white; box-sizing: border-box; overflow-wrap: break-word; font-variant-ligatures: normal; font-variant-caps: normal; orphans: 2; text-align: start; widows: 2; -webkit-text-stroke-width: 0px; text-decoration-style: initial; text-decoration-color: initial; word-spacing: 0px; margin: 0cm 0cm 19.5pt 0cm;\"><span style=\"font-size: 11.5pt; font-family: 'Verdana','sans-serif'; color: #222222;\">Com 108 deputados e 10 senadores na atual Legislatura, a Frente Parlamentar Evang\u00e9lica, que tem uma atua\u00e7\u00e3o historicamente coesa em defesa de suas bandeiras, ter\u00e1 um peso decisivo para a agenda do governo no Congresso Nacional.<\/span><\/p>\n<p style=\"line-height: 19.5pt; background: white; box-sizing: border-box; overflow-wrap: break-word; font-variant-ligatures: normal; font-variant-caps: normal; orphans: 2; text-align: start; widows: 2; -webkit-text-stroke-width: 0px; text-decoration-style: initial; text-decoration-color: initial; word-spacing: 0px; margin: 0cm 0cm 19.5pt 0cm;\"><span style=\"font-size: 11.5pt; font-family: 'Verdana','sans-serif'; color: #222222;\">\u201cVamos cobrar (do Bolsonaro) o cumprimento daquilo que foi tratado. Se o Mour\u00e3o est\u00e1 a servi\u00e7o de algum grupo de interesse contr\u00e1rio a que isso aconte\u00e7a, tenho convic\u00e7\u00e3o que ele perdeu essa queda de bra\u00e7o. Mour\u00e3o \u00e9 um poeta calado. Sempre que abre a boca cria um problema para o governo\u201d, disse ao Estado o deputado S\u00f3stenes Cavalcante (DEM-RJ), principal porta-voz da Frente.<\/span><\/p>\n<p style=\"line-height: 19.5pt; background: white; box-sizing: border-box; overflow-wrap: break-word; font-variant-ligatures: normal; font-variant-caps: normal; orphans: 2; text-align: start; widows: 2; -webkit-text-stroke-width: 0px; text-decoration-style: initial; text-decoration-color: initial; word-spacing: 0px; margin: 0cm 0cm 19.5pt 0cm;\"><span style=\"font-size: 11.5pt; font-family: 'Verdana','sans-serif'; color: #222222;\">S\u00f3stenes Cavalcante\u00a0deve assumir a presid\u00eancia do grupo nos pr\u00f3ximos dias O atual presidente, deputado Hidekazu Takayama (PSC-PR), n\u00e3o se reelegeu.<\/span><\/p>\n<p style=\"line-height: 19.5pt; background: white; box-sizing: border-box; overflow-wrap: break-word; font-variant-ligatures: normal; font-variant-caps: normal; orphans: 2; text-align: start; widows: 2; -webkit-text-stroke-width: 0px; text-decoration-style: initial; text-decoration-color: initial; word-spacing: 0px; margin: 0cm 0cm 19.5pt 0cm;\"><span style=\"font-size: 11.5pt; font-family: 'Verdana','sans-serif'; color: #222222;\">Os evang\u00e9licos ficaram tamb\u00e9m incomodados com o vice por causa de uma entrevista na qual ele defendeu que o aborto \u00e9 uma escolha da mulher. O ponto central das queixas, contudo, \u00e9 a quest\u00e3o da mudan\u00e7a da embaixada brasileira de Tel-Aviv para Jerusal\u00e9m. \u201cEsse foi um compromisso de campanha do presidente da Rep\u00fablica com nosso seguimento. N\u00f3s n\u00e3o pedimos muitas coisas a ele, mas essa foi uma delas\u201d, disse S\u00f3stenes.<\/span><\/p>\n<p style=\"line-height: 19.5pt; background: white; box-sizing: border-box; overflow-wrap: break-word; font-variant-ligatures: normal; font-variant-caps: normal; orphans: 2; text-align: start; widows: 2; -webkit-text-stroke-width: 0px; text-decoration-style: initial; text-decoration-color: initial; word-spacing: 0px; margin: 0cm 0cm 19.5pt 0cm;\"><span style=\"font-size: 11.5pt; font-family: 'Verdana','sans-serif'; color: #222222;\"> <iframe id=\"aswift_2\" style=\"box-sizing: border-box; max-width: 100%; height: 174px; left: 0px; position: absolute; top: 0px; width: 696px; border-width: 0px;\" name=\"aswift_2\" width=\"696\" height=\"174\" frameborder=\"0\" marginwidth=\"0\" marginheight=\"0\" scrolling=\"no\" allowfullscreen=\"allowfullscreen\" data-mce-fragment=\"1\"><\/iframe> \u201cPor que o Mour\u00e3o, sabendo das bandeiras do Bolsonaro, n\u00e3o se manifestou antes da elei\u00e7\u00e3o? \u00c9 uma coisa feia esconder suas convic\u00e7\u00f5es. Faltou protocolo e \u00e9tica no exerc\u00edcio da fun\u00e7\u00e3o dele Mour\u00e3o est\u00e1 fazendo campanha para 2022, mas a ala conservadora n\u00e3o vota nele nunca\u201d, disse o pastor Silas Malafaia, l\u00edder da igreja evang\u00e9lica Vit\u00f3ria em Cristo e presidente do Conselho dos Pastores do Brasil.<\/span><\/p>\n<p style=\"line-height: 19.5pt; background: white; box-sizing: border-box; overflow-wrap: break-word; font-variant-ligatures: normal; font-variant-caps: normal; orphans: 2; text-align: start; widows: 2; -webkit-text-stroke-width: 0px; text-decoration-style: initial; text-decoration-color: initial; word-spacing: 0px; margin: 0cm 0cm 19.5pt 0cm;\"><strong style=\"box-sizing: border-box;\"><span style=\"font-size: 11.5pt; font-family: 'Verdana','sans-serif'; color: #222222;\">Internacional<\/span><\/strong><\/p>\n<p style=\"line-height: 19.5pt; background: white; box-sizing: border-box; overflow-wrap: break-word; font-variant-ligatures: normal; font-variant-caps: normal; orphans: 2; text-align: start; widows: 2; -webkit-text-stroke-width: 0px; text-decoration-style: initial; text-decoration-color: initial; word-spacing: 0px; margin: 0cm 0cm 19.5pt 0cm;\"><span style=\"font-size: 11.5pt; font-family: 'Verdana','sans-serif'; color: #222222;\">O presidente dos Estados Unidos, Donald Trump, reconheceu Jerusal\u00e9m capital de Israel em dezembro de 2017. Cinco meses depois, a embaixada norte-americana foi transferida para l\u00e1.<\/span><\/p>\n<p style=\"line-height: 19.5pt; background: white; box-sizing: border-box; overflow-wrap: break-word; font-variant-ligatures: normal; font-variant-caps: normal; orphans: 2; text-align: start; widows: 2; -webkit-text-stroke-width: 0px; text-decoration-style: initial; text-decoration-color: initial; word-spacing: 0px; margin: 0cm 0cm 19.5pt 0cm;\"><span style=\"font-size: 11.5pt; font-family: 'Verdana','sans-serif'; color: #222222;\">Para o bispo e presidente do Minist\u00e9rio Sara Nossa Terra, Robson Rodovalho, a mudan\u00e7a da embaixada \u201cfacilitaria muito\u201d a viagem de brasileiros a Israel e estimularia a amplia\u00e7\u00e3o da oferta de voos.<\/span><\/p>\n<p style=\"line-height: 19.5pt; background: white; box-sizing: border-box; overflow-wrap: break-word; font-variant-ligatures: normal; font-variant-caps: normal; orphans: 2; text-align: start; widows: 2; -webkit-text-stroke-width: 0px; text-decoration-style: initial; text-decoration-color: initial; word-spacing: 0px; margin: 0cm 0cm 19.5pt 0cm;\"><span style=\"font-size: 11.5pt; font-family: 'Verdana','sans-serif'; color: #222222;\">Os contr\u00e1rios \u00e0 mudan\u00e7a alertam para os potenciais preju\u00edzos para as exporta\u00e7\u00f5es brasileiras para pa\u00edses \u00e1rabes, que est\u00e3o entre os principais importadores de carne bovina e de frango do Pa\u00eds. O Brasil pode tamb\u00e9m receber press\u00e3o da comunidade internacional. Para a ONU, o status de Jerusal\u00e9m deve ser decidido em negocia\u00e7\u00f5es de paz.<\/span><\/p>\n<p style=\"line-height: 19.5pt; background: white; box-sizing: border-box; overflow-wrap: break-word; font-variant-ligatures: normal; font-variant-caps: normal; orphans: 2; text-align: start; widows: 2; -webkit-text-stroke-width: 0px; text-decoration-style: initial; text-decoration-color: initial; word-spacing: 0px; margin: 0cm 0cm 19.5pt 0cm;\"><span style=\"font-size: 11.5pt; font-family: 'Verdana','sans-serif'; color: #222222;\">\u201cQuando o Bolsonaro se recuperar, n\u00f3s vamos marcar uma audi\u00eancia com ele. A ideia \u00e9 levar uma carta deixando claro nossa insatisfa\u00e7\u00e3o. Hoje, o Mour\u00e3o \u00e9 uma institui\u00e7\u00e3o e deveria guardar as opini\u00f5es para ela\u201d, disse o deputado federal Filipe Barros (PSL-PR). Na semana passada, outros parlamentares usaram a tribuna da Casa para criticar publicamente o vice.<\/span><\/p>\n<p style=\"line-height: 19.5pt; background: white; box-sizing: border-box; overflow-wrap: break-word; font-variant-ligatures: normal; font-variant-caps: normal; orphans: 2; text-align: start; widows: 2; -webkit-text-stroke-width: 0px; text-decoration-style: initial; text-decoration-color: initial; word-spacing: 0px; margin: 0cm 0cm 19.5pt 0cm;\"><span style=\"font-size: 11.5pt; font-family: 'Verdana','sans-serif'; color: #222222;\">Segundo fontes do primeiro escal\u00e3o das For\u00e7as Armadas ouvidas pelo Estado, Mour\u00e3o age de forma \u201ccoerente\u201d com o pensamento dos militares, especialmente quando faz cr\u00edticas \u00e0 pol\u00edtica externa e sinaliza que a prioridade do governo deve ser a agenda econ\u00f4mica, e n\u00e3o a de costumes.<\/span><\/p>\n<p style=\"line-height: 19.5pt; background: white; box-sizing: border-box; overflow-wrap: break-word; font-variant-ligatures: normal; font-variant-caps: normal; orphans: 2; text-align: start; widows: 2; -webkit-text-stroke-width: 0px; text-decoration-style: initial; text-decoration-color: initial; word-spacing: 0px; margin: 0cm 0cm 19.5pt 0cm;\"><span style=\"font-size: 11.5pt; font-family: 'Verdana','sans-serif'; color: #222222;\">Ao desautorizar o chanceler Ernesto Ara\u00fajo sobre a oferta de uma base no Brasil para os EUA, Mour\u00e3o reproduziu a linha de pensamento dominante nas For\u00e7as Armadas, que contam com sete quadros no primeiro escal\u00e3o e representam um dos pilares da administra\u00e7\u00e3o. Procurada, a assessoria do vice disse que ele n\u00e3o iria se manifestar.<\/span><\/p>\n<p>&nbsp;<\/p>\n<p>&nbsp;<\/p>\n<p style=\"line-height: 19.5pt; background: white; box-sizing: border-box; overflow-wrap: break-word; font-variant-ligatures: normal; font-variant-caps: normal; orphans: 2; text-align: start; widows: 2; -webkit-text-stroke-width: 0px; text-decoration-style: initial; text-decoration-color: initial; word-spacing: 0px; margin: 0cm 0cm 19.5pt 0cm;\"><strong style=\"box-sizing: border-box;\"><span style=\"font-size: 11.5pt; font-family: 'Verdana','sans-serif'; color: #222222;\">Fonte: Jornal O Estado de S. Paulo<\/span><\/strong><\/p>\n","protected":false},"excerpt":{"rendered":"<p>O despreparo pol\u00edtico e o discurso independente e esquerdista do vice-presidente Hamilton Mour\u00e3o (PRTB) tem causado insatisfa\u00e7\u00e3o de grande parte do segmento evang\u00e9lico, considerado fundamental na elei\u00e7\u00e3o do presidente Jair Bolsonaro. Nos \u00faltimos dias, l\u00edderes de igrejas que durante a campanha apoiaram explicitamente o candidato do PSL e representantes do segmento no Congresso expuseram a [&hellip;]<\/p>\n","protected":false},"author":2,"featured_media":2581,"comment_status":"open","ping_status":"open","sticky":false,"template":"","format":"standard","meta":[],"categories":[2,6,4],"tags":[],"_links":{"self":[{"href":"https:\/\/dgospel.com.br\/portal\/index.php\/wp-json\/wp\/v2\/posts\/2580"}],"collection":[{"href":"https:\/\/dgospel.com.br\/portal\/index.php\/wp-json\/wp\/v2\/posts"}],"about":[{"href":"https:\/\/dgospel.com.br\/portal\/index.php\/wp-json\/wp\/v2\/types\/post"}],"author":[{"embeddable":true,"href":"https:\/\/dgospel.com.br\/portal\/index.php\/wp-json\/wp\/v2\/users\/2"}],"replies":[{"embeddable":true,"href":"https:\/\/dgospel.com.br\/portal\/index.php\/wp-json\/wp\/v2\/comments?post=2580"}],"version-history":[{"count":1,"href":"https:\/\/dgospel.com.br\/portal\/index.php\/wp-json\/wp\/v2\/posts\/2580\/revisions"}],"predecessor-version":[{"id":2582,"href":"https:\/\/dgospel.com.br\/portal\/index.php\/wp-json\/wp\/v2\/posts\/2580\/revisions\/2582"}],"wp:featuredmedia":[{"embeddable":true,"href":"https:\/\/dgospel.com.br\/portal\/index.php\/wp-json\/wp\/v2\/media\/2581"}],"wp:attachment":[{"href":"https:\/\/dgospel.com.br\/portal\/index.php\/wp-json\/wp\/v2\/media?parent=2580"}],"wp:term":[{"taxonomy":"category","embeddable":true,"href":"https:\/\/dgospel.com.br\/portal\/index.php\/wp-json\/wp\/v2\/categories?post=2580"},{"taxonomy":"post_tag","embeddable":true,"href":"https:\/\/dgospel.com.br\/portal\/index.php\/wp-json\/wp\/v2\/tags?post=2580"}],"curies":[{"name":"wp","href":"https:\/\/api.w.org\/{rel}","templated":true}]}}