{"id":2591,"date":"2019-02-12T18:27:51","date_gmt":"2019-02-12T20:27:51","guid":{"rendered":"http:\/\/dgospel.com.br\/portal\/?p=2591"},"modified":"2019-02-12T18:27:51","modified_gmt":"2019-02-12T20:27:51","slug":"governador-carlesse-e-representantes-da-caixa-discutem-liberacao-de-recursos-para-ponte-de-porto-nacional","status":"publish","type":"post","link":"https:\/\/dgospel.com.br\/portal\/index.php\/2019\/02\/12\/governador-carlesse-e-representantes-da-caixa-discutem-liberacao-de-recursos-para-ponte-de-porto-nacional\/","title":{"rendered":"Governador Carlesse e representantes da Caixa discutem libera\u00e7\u00e3o de recursos para ponte de Porto Nacional"},"content":{"rendered":"<p>O governador do Estado do Tocantins, Mauro Carlesse, esteve reunido na manh\u00e3 desta ter\u00e7a-feira, 12, com a superintendente da Caixa Econ\u00f4mica Federal no Tocantins, Silvia Leandra Pelloso e tamb\u00e9m com o gerente regional de relacionamento com o Governo, Vandeir Ferreira.<\/p>\n<p>A pauta da reuni\u00e3o foi a atual situa\u00e7\u00e3o da ponte de Porto de Nacional, que est\u00e1 interditada para o trafego de ve\u00edculos, sendo permitida somente a passagem de pedestres, ciclistas, motociclistas e ve\u00edculos de emerg\u00eancia (ambul\u00e2ncias e viaturas policiais). A interdi\u00e7\u00e3o da ponte foi necess\u00e1ria devido laudos da\u00a0 Ag\u00eancia Tocantinense de Transportes e Obras (Ageto), em conjunto com a Defesa Civil e Corpo de Bombeiros, confirmarem que a estrutura da ponte teve uma evolu\u00e7\u00e3o em sua deteriora\u00e7\u00e3o, oferecendo riscos em sua utiliza\u00e7\u00e3o.<\/p>\n<p>O governador Mauro Carlesse demonstrou sua preocupa\u00e7\u00e3o com a situa\u00e7\u00e3o e apresentou aos executivos as a\u00e7\u00f5es de ajuste nas contas p\u00fablicas que a atual gest\u00e3o tem feito para recuperar a capacidade de investimento do Estado. \u201cExpliquei a eles que a situa\u00e7\u00e3o agora \u00e9 ainda mais grave por causa da situa\u00e7\u00e3o de interdi\u00e7\u00e3o da ponte. Precisamos agilizar a libera\u00e7\u00e3o dos recursos para iniciar o mais r\u00e1pido poss\u00edvel essa obra. A ponte atual oferece muito risco e n\u00e3o\u00a0 podemos fazer o chamado \u201cquebra-galho\u201d, n\u00e3o podemos colocar vidas em jogo\u201d, disse o Governador.<\/p>\n<p>Os executivos da Caixa Econ\u00f4mica Federal tamb\u00e9m manifestaram preocupa\u00e7\u00e3o com a situa\u00e7\u00e3o da ponte de Porto Nacional e apresentaram a nova representante da Caixa, Maria da Gra\u00e7a Somavilla, que\u00a0\u00a0a partir de agora\u00a0 vai atuar diretamente com os\u00a0 \u00f3rg\u00e3os do Governo, visando agilizar a tramita\u00e7\u00e3o de processos e a libera\u00e7\u00e3o de contratos e recursos. Al\u00e9m da ponte de Porto Nacional, o governador Mauro Carlesse tamb\u00e9m relatou a situa\u00e7\u00e3o das obras paradas que precisam ser retomadas com brevidade. \u201cEstamos trabalhando para vencer esses entraves, cada obra tem um problema espec\u00edfico, mas esperamos que logo todas estar\u00e3o em andamento e gerando empregos para nossa gente\u201d, finalizou o governador.<\/p>\n<p><strong>Agenda em Bras\u00edlia<\/strong><\/p>\n<p>Ainda em busca de recursos para o Estado e, principalmente para a constru\u00e7\u00e3o da ponte de Porto Nacional, o governador Mauro Carlesse cumpre agenda nesta quarta, 13, e quinta-feira, 14, em Bras\u00edlia. Na quarta-feira, o governador Mauro Carlesse tem reuni\u00e3o com representantes do Banco Mundial e a noite participa de um jantar com a bancada federal. Na quinta-feira, \u00e0s 11h, est\u00e1 prevista uma audi\u00eancia com o ministro do desenvolvimento regional,\u00a0Gustavo Henrique Rigodanzo Canuto, e \u00e0s 16h, a reuni\u00e3o de trabalho ser\u00e1 na Secretaria do Tesouro Nacional.<\/p>\n","protected":false},"excerpt":{"rendered":"<p>O governador do Estado do Tocantins, Mauro Carlesse, esteve reunido na manh\u00e3 desta ter\u00e7a-feira, 12, com a superintendente da Caixa Econ\u00f4mica Federal no Tocantins, Silvia Leandra Pelloso e tamb\u00e9m com o gerente regional de relacionamento com o Governo, Vandeir Ferreira. A pauta da reuni\u00e3o foi a atual situa\u00e7\u00e3o da ponte de Porto de Nacional, que [&hellip;]<\/p>\n","protected":false},"author":2,"featured_media":2592,"comment_status":"open","ping_status":"open","sticky":false,"template":"","format":"standard","meta":[],"categories":[2,4],"tags":[],"_links":{"self":[{"href":"https:\/\/dgospel.com.br\/portal\/index.php\/wp-json\/wp\/v2\/posts\/2591"}],"collection":[{"href":"https:\/\/dgospel.com.br\/portal\/index.php\/wp-json\/wp\/v2\/posts"}],"about":[{"href":"https:\/\/dgospel.com.br\/portal\/index.php\/wp-json\/wp\/v2\/types\/post"}],"author":[{"embeddable":true,"href":"https:\/\/dgospel.com.br\/portal\/index.php\/wp-json\/wp\/v2\/users\/2"}],"replies":[{"embeddable":true,"href":"https:\/\/dgospel.com.br\/portal\/index.php\/wp-json\/wp\/v2\/comments?post=2591"}],"version-history":[{"count":1,"href":"https:\/\/dgospel.com.br\/portal\/index.php\/wp-json\/wp\/v2\/posts\/2591\/revisions"}],"predecessor-version":[{"id":2593,"href":"https:\/\/dgospel.com.br\/portal\/index.php\/wp-json\/wp\/v2\/posts\/2591\/revisions\/2593"}],"wp:featuredmedia":[{"embeddable":true,"href":"https:\/\/dgospel.com.br\/portal\/index.php\/wp-json\/wp\/v2\/media\/2592"}],"wp:attachment":[{"href":"https:\/\/dgospel.com.br\/portal\/index.php\/wp-json\/wp\/v2\/media?parent=2591"}],"wp:term":[{"taxonomy":"category","embeddable":true,"href":"https:\/\/dgospel.com.br\/portal\/index.php\/wp-json\/wp\/v2\/categories?post=2591"},{"taxonomy":"post_tag","embeddable":true,"href":"https:\/\/dgospel.com.br\/portal\/index.php\/wp-json\/wp\/v2\/tags?post=2591"}],"curies":[{"name":"wp","href":"https:\/\/api.w.org\/{rel}","templated":true}]}}