{"id":2594,"date":"2019-02-12T23:59:43","date_gmt":"2019-02-13T01:59:43","guid":{"rendered":"http:\/\/dgospel.com.br\/portal\/?p=2594"},"modified":"2019-02-12T23:59:43","modified_gmt":"2019-02-13T01:59:43","slug":"morre-deise-cipriano-apos-luta-contra-o-cancer","status":"publish","type":"post","link":"https:\/\/dgospel.com.br\/portal\/index.php\/2019\/02\/12\/morre-deise-cipriano-apos-luta-contra-o-cancer\/","title":{"rendered":"Morre Deise Cipriano, ap\u00f3s luta contra o c\u00e2ncer"},"content":{"rendered":"<p>Deise Cipriano, do grupo Fat Family, faleceu na tarde desta ter\u00e7a-feira (12) aos 39 anos, em S\u00e3o Paulo. A cantora lutava contra um\u00a0<a href=\"https:\/\/guiame.com.br\/gospel\/noticias\/cantora-do-fat-family-deise-cipriano-luta-contra-o-cancer-e-retorna-uti.html\"><strong>c\u00e2ncer no f\u00edgado<\/strong><\/a>\u00a0desde agosto do ano passado e estava h\u00e1 quase um m\u00eas fazendo\u00a0<a href=\"https:\/\/guiame.com.br\/gospel\/noticias\/deus-me-tirou-da-cova-diz-deise-do-fat-family-apos-alta-do-tratamento-de-cancer.html\"><strong>tratamento em casa<\/strong><\/a>.<\/p>\n<p>A informa\u00e7\u00e3o da morte foi confirmada pela assessoria da cantora \u00e0 Revista Quem.<\/p>\n<p>Deise foi encaminhada na segunda-feira (11) para o CAIO (Centro de Atendimento de Intercorr\u00eancias Oncol\u00f3gicas), na capital paulista, e internada na UTI do Instituto do C\u00e2ncer de S\u00e3o Paulo, ap\u00f3s sentir n\u00e1useas, febre e dificuldade para se alimentar.<\/p>\n<p>Na manh\u00e3 desta ter\u00e7a, ap\u00f3s sentir muita falta de ar e ter uma queda da press\u00e3o arterial, Deise foi sedada e entubada. A press\u00e3o da cantora voltou ao normal e a falta de ar foi controlada, mas ela foi mantida em coma induzido e n\u00e3o resistiu.<\/p>\n<p>Antes de iniciar os exames de rotina em casa, Deise estava internada desde agosto no Instituto do C\u00e2ncer de S\u00e3o Paulo, onde ficou 19 dias em coma. Durante o tratamento, ela recebeu apoio de diversos artistas e l\u00edderes religiosos, como a bispa S\u00f4nia Hernandes, o ap\u00f3stolo Valdemiro Santiago, a cantora Flordelis e o cantor R\u00e9gis Danese.<\/p>\n<p>Deise deixa uma filha, Talita Cipriano, que chegou a raspar o cabelo em homenagem a m\u00e3e durante a quimioterapia. \u201cRaspar o cabelo foi um sacrif\u00edcio a Deus e para dar apoio e significado pra minha m\u00e3e de que ela n\u00e3o est\u00e1 sozinha. A fam\u00edlia toda est\u00e1 sempre unida, agora mais ainda. Grata eternamente pela m\u00e3e e pai que Deus me deu. N\u00e3o \u00e9 f\u00e1cil, Deus est\u00e1 no controle de tudo. Ajuda-me Senhor, como minha alma chora\u201d, lamentou Talita, no Instagram.<\/p>\n","protected":false},"excerpt":{"rendered":"<p>Deise Cipriano, do grupo Fat Family, faleceu na tarde desta ter\u00e7a-feira (12) aos 39 anos, em S\u00e3o Paulo. A cantora lutava contra um\u00a0c\u00e2ncer no f\u00edgado\u00a0desde agosto do ano passado e estava h\u00e1 quase um m\u00eas fazendo\u00a0tratamento em casa. A informa\u00e7\u00e3o da morte foi confirmada pela assessoria da cantora \u00e0 Revista Quem. Deise foi encaminhada na [&hellip;]<\/p>\n","protected":false},"author":2,"featured_media":2595,"comment_status":"open","ping_status":"open","sticky":false,"template":"","format":"standard","meta":[],"categories":[2,5,6],"tags":[],"_links":{"self":[{"href":"https:\/\/dgospel.com.br\/portal\/index.php\/wp-json\/wp\/v2\/posts\/2594"}],"collection":[{"href":"https:\/\/dgospel.com.br\/portal\/index.php\/wp-json\/wp\/v2\/posts"}],"about":[{"href":"https:\/\/dgospel.com.br\/portal\/index.php\/wp-json\/wp\/v2\/types\/post"}],"author":[{"embeddable":true,"href":"https:\/\/dgospel.com.br\/portal\/index.php\/wp-json\/wp\/v2\/users\/2"}],"replies":[{"embeddable":true,"href":"https:\/\/dgospel.com.br\/portal\/index.php\/wp-json\/wp\/v2\/comments?post=2594"}],"version-history":[{"count":1,"href":"https:\/\/dgospel.com.br\/portal\/index.php\/wp-json\/wp\/v2\/posts\/2594\/revisions"}],"predecessor-version":[{"id":2596,"href":"https:\/\/dgospel.com.br\/portal\/index.php\/wp-json\/wp\/v2\/posts\/2594\/revisions\/2596"}],"wp:featuredmedia":[{"embeddable":true,"href":"https:\/\/dgospel.com.br\/portal\/index.php\/wp-json\/wp\/v2\/media\/2595"}],"wp:attachment":[{"href":"https:\/\/dgospel.com.br\/portal\/index.php\/wp-json\/wp\/v2\/media?parent=2594"}],"wp:term":[{"taxonomy":"category","embeddable":true,"href":"https:\/\/dgospel.com.br\/portal\/index.php\/wp-json\/wp\/v2\/categories?post=2594"},{"taxonomy":"post_tag","embeddable":true,"href":"https:\/\/dgospel.com.br\/portal\/index.php\/wp-json\/wp\/v2\/tags?post=2594"}],"curies":[{"name":"wp","href":"https:\/\/api.w.org\/{rel}","templated":true}]}}