{"id":2600,"date":"2019-02-13T00:05:58","date_gmt":"2019-02-13T02:05:58","guid":{"rendered":"http:\/\/dgospel.com.br\/portal\/?p=2600"},"modified":"2019-02-13T00:05:58","modified_gmt":"2019-02-13T02:05:58","slug":"governador-declara-situacao-de-emergencia-em-porto-nacional-em-virtude-de-interdicao-da-ponte-na-to-255","status":"publish","type":"post","link":"https:\/\/dgospel.com.br\/portal\/index.php\/2019\/02\/13\/governador-declara-situacao-de-emergencia-em-porto-nacional-em-virtude-de-interdicao-da-ponte-na-to-255\/","title":{"rendered":"Governador declara situa\u00e7\u00e3o de emerg\u00eancia em Porto Nacional em virtude de interdi\u00e7\u00e3o da ponte na TO-255"},"content":{"rendered":"<p>O governador do Estado do Tocantins, Mauro Carlesse, assinou no in\u00edcio da noite desta ter\u00e7a-feira, 12, o Decreto 5.907, que ser\u00e1 publicado no Di\u00e1rio Oficial ainda hoje, que declara situa\u00e7\u00e3o de emerg\u00eancia na regi\u00e3o de Porto Nacional, em virtude da interdi\u00e7\u00e3o da ponte sobre o Lago da Usina Hidrel\u00e9trica de Lajeado, na TO-255.<\/p>\n<p>O objetivo do Governo do Estado \u00e9 de agilizar as a\u00e7\u00f5es para amenizar as dificuldades enfrentadas pelas pessoas que necessitam atravessar a ponte em busca de servi\u00e7os p\u00fablicos e tamb\u00e9m o consumo no com\u00e9rcio local. Com o decreto de emerg\u00eancia, a Secretaria de Infraestrutura, Cidades e Habita\u00e7\u00e3o, fica autorizada a implementar solu\u00e7\u00f5es alternativas e tempor\u00e1rias, para garantir a circula\u00e7\u00e3o de pessoas, bens e servi\u00e7os, com a devida seguran\u00e7a. A edi\u00e7\u00e3o do decreto tamb\u00e9m possibilita \u00e0 Secretaria de Estado da Infraestrutura (Seinf), a contrata\u00e7\u00e3o e a realiza\u00e7\u00e3o de estudos, a execu\u00e7\u00e3o de servi\u00e7os, al\u00e9m de reparos e reformas capazes de oportunizar a utiliza\u00e7\u00e3o da ponte sobre o rio Tocantins, na Rodovia TO \u2013 255, em Porto Nacional.<\/p>\n<p>Para decretar situa\u00e7\u00e3o de emerg\u00eancia, o Governo do Estado levou em considera\u00e7\u00e3o, que a forma\u00e7\u00e3o do Lago com a constru\u00e7\u00e3o da Usina de Lajeado, alterou as condi\u00e7\u00f5es normais da ponte, com a modifica\u00e7\u00e3o do regime de enchentes e vazantes, passando os tubul\u00f5es, blocos, pilares e a superestrutura a sofrerem os efeitos da alcaliniza\u00e7\u00e3o, al\u00e9m de uma fissura\u00e7\u00e3o dos pilares e vigas caix\u00f5es dos balan\u00e7os dos pilares, em virtude da proximidade com a l\u00e2mina d\u2019agua que umidifica essa parte da ponte constantemente.<\/p>\n<p>Outro ponto destacado no decreto \u00e9 a condi\u00e7\u00e3o de pavimento para o tr\u00e1fego de ve\u00edculos e tamb\u00e9m as passarelas de pedestres, que est\u00e3o bastante deterioradas devido, al\u00e9m de depreda\u00e7\u00e3o por vandalismo nas passarelas.<\/p>\n<p>O decreto considerou ainda que, nestes 41 anos de utiliza\u00e7\u00e3o, a ponte da TO-255 tamb\u00e9m foi afetada significativamente pelo aumento da frota de ve\u00edculos como tamb\u00e9m da capacidade de carga de caminh\u00f5es e carretas, algo impensado no projeto inicial da ponte.<\/p>\n<p>Com o decreto, o Governo do Estado espera implementar iniciativas que visam amenizar os problemas ocasionados com a interdi\u00e7\u00e3o da ponte, em um curto espa\u00e7o de tempo.<\/p>\n<p>&nbsp;<\/p>\n","protected":false},"excerpt":{"rendered":"<p>O governador do Estado do Tocantins, Mauro Carlesse, assinou no in\u00edcio da noite desta ter\u00e7a-feira, 12, o Decreto 5.907, que ser\u00e1 publicado no Di\u00e1rio Oficial ainda hoje, que declara situa\u00e7\u00e3o de emerg\u00eancia na regi\u00e3o de Porto Nacional, em virtude da interdi\u00e7\u00e3o da ponte sobre o Lago da Usina Hidrel\u00e9trica de Lajeado, na TO-255. O objetivo [&hellip;]<\/p>\n","protected":false},"author":2,"featured_media":2601,"comment_status":"open","ping_status":"open","sticky":false,"template":"","format":"standard","meta":[],"categories":[2,4],"tags":[],"_links":{"self":[{"href":"https:\/\/dgospel.com.br\/portal\/index.php\/wp-json\/wp\/v2\/posts\/2600"}],"collection":[{"href":"https:\/\/dgospel.com.br\/portal\/index.php\/wp-json\/wp\/v2\/posts"}],"about":[{"href":"https:\/\/dgospel.com.br\/portal\/index.php\/wp-json\/wp\/v2\/types\/post"}],"author":[{"embeddable":true,"href":"https:\/\/dgospel.com.br\/portal\/index.php\/wp-json\/wp\/v2\/users\/2"}],"replies":[{"embeddable":true,"href":"https:\/\/dgospel.com.br\/portal\/index.php\/wp-json\/wp\/v2\/comments?post=2600"}],"version-history":[{"count":1,"href":"https:\/\/dgospel.com.br\/portal\/index.php\/wp-json\/wp\/v2\/posts\/2600\/revisions"}],"predecessor-version":[{"id":2602,"href":"https:\/\/dgospel.com.br\/portal\/index.php\/wp-json\/wp\/v2\/posts\/2600\/revisions\/2602"}],"wp:featuredmedia":[{"embeddable":true,"href":"https:\/\/dgospel.com.br\/portal\/index.php\/wp-json\/wp\/v2\/media\/2601"}],"wp:attachment":[{"href":"https:\/\/dgospel.com.br\/portal\/index.php\/wp-json\/wp\/v2\/media?parent=2600"}],"wp:term":[{"taxonomy":"category","embeddable":true,"href":"https:\/\/dgospel.com.br\/portal\/index.php\/wp-json\/wp\/v2\/categories?post=2600"},{"taxonomy":"post_tag","embeddable":true,"href":"https:\/\/dgospel.com.br\/portal\/index.php\/wp-json\/wp\/v2\/tags?post=2600"}],"curies":[{"name":"wp","href":"https:\/\/api.w.org\/{rel}","templated":true}]}}