{"id":2603,"date":"2019-02-13T00:07:15","date_gmt":"2019-02-13T02:07:15","guid":{"rendered":"http:\/\/dgospel.com.br\/portal\/?p=2603"},"modified":"2019-02-13T00:07:15","modified_gmt":"2019-02-13T02:07:15","slug":"governo-vai-fazer-levantamento-sobre-impactos-de-incentivos-fiscais-nas-contas-publicas-do-estado","status":"publish","type":"post","link":"https:\/\/dgospel.com.br\/portal\/index.php\/2019\/02\/13\/governo-vai-fazer-levantamento-sobre-impactos-de-incentivos-fiscais-nas-contas-publicas-do-estado\/","title":{"rendered":"Governo vai fazer levantamento sobre impactos de incentivos fiscais nas contas p\u00fablicas do Estado"},"content":{"rendered":"<p>O Governo publicou no Di\u00e1rio Oficial do Estado (DOE) desta ter\u00e7a-feira, 12, o Decreto de n\u00ba 5.906, que determina \u00e0\u00a0Secretaria de Estado da Fazenda e Planejamento\u00a0adotar, no prazo de at\u00e9 60 dias, provid\u00eancias relativas aos benef\u00edcios fiscais aplicados ao Imposto sobre Opera\u00e7\u00f5es Relativas \u00e0 Circula\u00e7\u00e3o de Mercadorias e sobre Presta\u00e7\u00f5es de Servi\u00e7os de Transporte Interestadual e Intermunicipal e de Comunica\u00e7\u00e3o (ICMS), no \u00e2mbito do Estado do Tocantins.<\/p>\n<p>O Decreto \u00e9 mais uma iniciativa do Governo na sua pol\u00edtica de ajustes e efici\u00eancia dos gastos p\u00fablicos. Por meio dessa a\u00e7\u00e3o, ser\u00e1 poss\u00edvel verificar se as empresas que recebem benef\u00edcios fiscais realmente est\u00e3o cumprindo com suas contrapartidas; quais s\u00e3o os valores que o Governo deixa de arrecadar com as ren\u00fancias; al\u00e9m da elabora\u00e7\u00e3o de proposta de ajustes, conforme o caso, na legisla\u00e7\u00e3o, a fim de oportunizar a recomposi\u00e7\u00e3o de receitas e a recupera\u00e7\u00e3o das finan\u00e7as p\u00fablicas.<\/p>\n<p>Para realizar esse trabalho, o Governo instituiu, via Decreto n\u00ba 5.906, uma comiss\u00e3o que ser\u00e1 formada pelo secret\u00e1rio-chefe da Casa Civil ou indicados; secret\u00e1rio executivo da Governadoria ou indicados; secret\u00e1rio de Estado da Ind\u00fastria, Com\u00e9rcio e Servi\u00e7os ou indicados; al\u00e9m do secret\u00e1rio de Estado da Fazenda e Planejamento; do superintendente de Administra\u00e7\u00e3o Tribut\u00e1ria; do diretor de Grandes Contribuintes e do diretor da Receita.<\/p>\n<p>&nbsp;<\/p>\n","protected":false},"excerpt":{"rendered":"<p>O Governo publicou no Di\u00e1rio Oficial do Estado (DOE) desta ter\u00e7a-feira, 12, o Decreto de n\u00ba 5.906, que determina \u00e0\u00a0Secretaria de Estado da Fazenda e Planejamento\u00a0adotar, no prazo de at\u00e9 60 dias, provid\u00eancias relativas aos benef\u00edcios fiscais aplicados ao Imposto sobre Opera\u00e7\u00f5es Relativas \u00e0 Circula\u00e7\u00e3o de Mercadorias e sobre Presta\u00e7\u00f5es de Servi\u00e7os de Transporte Interestadual [&hellip;]<\/p>\n","protected":false},"author":2,"featured_media":2604,"comment_status":"open","ping_status":"open","sticky":false,"template":"","format":"standard","meta":[],"categories":[2,4],"tags":[],"_links":{"self":[{"href":"https:\/\/dgospel.com.br\/portal\/index.php\/wp-json\/wp\/v2\/posts\/2603"}],"collection":[{"href":"https:\/\/dgospel.com.br\/portal\/index.php\/wp-json\/wp\/v2\/posts"}],"about":[{"href":"https:\/\/dgospel.com.br\/portal\/index.php\/wp-json\/wp\/v2\/types\/post"}],"author":[{"embeddable":true,"href":"https:\/\/dgospel.com.br\/portal\/index.php\/wp-json\/wp\/v2\/users\/2"}],"replies":[{"embeddable":true,"href":"https:\/\/dgospel.com.br\/portal\/index.php\/wp-json\/wp\/v2\/comments?post=2603"}],"version-history":[{"count":1,"href":"https:\/\/dgospel.com.br\/portal\/index.php\/wp-json\/wp\/v2\/posts\/2603\/revisions"}],"predecessor-version":[{"id":2605,"href":"https:\/\/dgospel.com.br\/portal\/index.php\/wp-json\/wp\/v2\/posts\/2603\/revisions\/2605"}],"wp:featuredmedia":[{"embeddable":true,"href":"https:\/\/dgospel.com.br\/portal\/index.php\/wp-json\/wp\/v2\/media\/2604"}],"wp:attachment":[{"href":"https:\/\/dgospel.com.br\/portal\/index.php\/wp-json\/wp\/v2\/media?parent=2603"}],"wp:term":[{"taxonomy":"category","embeddable":true,"href":"https:\/\/dgospel.com.br\/portal\/index.php\/wp-json\/wp\/v2\/categories?post=2603"},{"taxonomy":"post_tag","embeddable":true,"href":"https:\/\/dgospel.com.br\/portal\/index.php\/wp-json\/wp\/v2\/tags?post=2603"}],"curies":[{"name":"wp","href":"https:\/\/api.w.org\/{rel}","templated":true}]}}