{"id":2608,"date":"2019-02-14T00:07:28","date_gmt":"2019-02-14T02:07:28","guid":{"rendered":"http:\/\/dgospel.com.br\/portal\/?p=2608"},"modified":"2019-02-14T00:07:28","modified_gmt":"2019-02-14T02:07:28","slug":"vereadores-de-palmas-questionam-resolucao-sobre-identidade-de-genero-na-rede-publica-de-ensino","status":"publish","type":"post","link":"https:\/\/dgospel.com.br\/portal\/index.php\/2019\/02\/14\/vereadores-de-palmas-questionam-resolucao-sobre-identidade-de-genero-na-rede-publica-de-ensino\/","title":{"rendered":"Vereadores de Palmas questionam resolu\u00e7\u00e3o sobre identidade de g\u00eanero na rede p\u00fablica de ensino"},"content":{"rendered":"<p>Na sess\u00e3o ordin\u00e1ria de quarta-feira, 13, na C\u00e2mara Municipal de Palmas, o debate girou em torno do tema ideologia de g\u00eanero. Parlamentares usaram a tribuna para questionar a resolu\u00e7\u00e3o n\u00ba: 235 do Conselho Estadual de Educa\u00e7\u00e3o, publicada no Di\u00e1rio Oficial do Estado na \u00faltima segunda-feira, 11, que versa sobre o conte\u00fado identidade de g\u00eanero e educa\u00e7\u00e3o sexual\u00a0 na grade curricular do ensino fundamental da rede p\u00fablica de ensino.<\/p>\n<p>O vereador Filipe Martins (PSC) foi o primeiro a se posicionar sobre o assunto. Na tribuna, Martins criticou o artigo 72 da Resolu\u00e7\u00e3o que orienta ao sistema municipal de ensino \u00e0 elabora\u00e7\u00e3o de \u201c normas especificas sobre inform\u00e1tica, orienta\u00e7\u00e3o sexual e identidade de g\u00eanero\u201d. O parlamentar discorda da medida. \u201cN\u00e3o cabe ao estado fazer esse tipo de orienta\u00e7\u00e3o\u201d, ressaltou Martins.<\/p>\n<p>Por sua vez, o vereador Filipe Fernandes (DC) defendeu que a ideologia de g\u00eanero deve ser um tema para ser discutido em casa, junto \u00e0 fam\u00edlia, e n\u00e3o na escola. O parlamentar considerou falta de respeito da Secretaria de Estado da Educa\u00e7\u00e3o em publicar essa resolu\u00e7\u00e3o e cobrou uma audi\u00eancia com a secret\u00e1ria da Educa\u00e7\u00e3o para discutir a quest\u00e3o.<\/p>\n<p>J\u00e1 o vereador L\u00facio Campelo (PR), no entanto, afirmou que o governo estadual est\u00e1 cumprindo uma determina\u00e7\u00e3o do Supremo Tribunal Federal (STF) que aprovou a inclus\u00e3o do tema na grade curricular. Campelo lembrou que ainda em 2016 a C\u00e2mara Municipal de Palmas votou lei proibindo o conte\u00fado em sala de aula, no entanto, suspensa pelo STF. O parlamentar espera, agora, que o presidente da Rep\u00fablica, por meio de decreto, vete o ensino de ideologia de g\u00eanero nas escolas.<\/p>\n<p>Os parlamentares H\u00e9lio Santana (PV), Claudemir Portugal (PRP), Moisemar Marinho (PDT), Tiago Andrino (PSB), Laudecy Coimbra (SD), Milton Neris (PP) e Rog\u00e9rio Santos (PRB) tamb\u00e9m se posicionaram sobre o assunto. O presidente da Casa, Marilon Barbosa (PSB), afirmou ser contra o estudo da ideologia de g\u00eanero em sala de aula e disse que, na condi\u00e7\u00e3o de presidente, trabalhar\u00e1 contr\u00e1rio a qualquer projeto relativo ao tema que entre na pauta da C\u00e2mara Municipal de Palmas.<\/p>\n","protected":false},"excerpt":{"rendered":"<p>Na sess\u00e3o ordin\u00e1ria de quarta-feira, 13, na C\u00e2mara Municipal de Palmas, o debate girou em torno do tema ideologia de g\u00eanero. Parlamentares usaram a tribuna para questionar a resolu\u00e7\u00e3o n\u00ba: 235 do Conselho Estadual de Educa\u00e7\u00e3o, publicada no Di\u00e1rio Oficial do Estado na \u00faltima segunda-feira, 11, que versa sobre o conte\u00fado identidade de g\u00eanero e [&hellip;]<\/p>\n","protected":false},"author":2,"featured_media":2610,"comment_status":"open","ping_status":"open","sticky":false,"template":"","format":"standard","meta":[],"categories":[8,2,3],"tags":[],"_links":{"self":[{"href":"https:\/\/dgospel.com.br\/portal\/index.php\/wp-json\/wp\/v2\/posts\/2608"}],"collection":[{"href":"https:\/\/dgospel.com.br\/portal\/index.php\/wp-json\/wp\/v2\/posts"}],"about":[{"href":"https:\/\/dgospel.com.br\/portal\/index.php\/wp-json\/wp\/v2\/types\/post"}],"author":[{"embeddable":true,"href":"https:\/\/dgospel.com.br\/portal\/index.php\/wp-json\/wp\/v2\/users\/2"}],"replies":[{"embeddable":true,"href":"https:\/\/dgospel.com.br\/portal\/index.php\/wp-json\/wp\/v2\/comments?post=2608"}],"version-history":[{"count":1,"href":"https:\/\/dgospel.com.br\/portal\/index.php\/wp-json\/wp\/v2\/posts\/2608\/revisions"}],"predecessor-version":[{"id":2611,"href":"https:\/\/dgospel.com.br\/portal\/index.php\/wp-json\/wp\/v2\/posts\/2608\/revisions\/2611"}],"wp:featuredmedia":[{"embeddable":true,"href":"https:\/\/dgospel.com.br\/portal\/index.php\/wp-json\/wp\/v2\/media\/2610"}],"wp:attachment":[{"href":"https:\/\/dgospel.com.br\/portal\/index.php\/wp-json\/wp\/v2\/media?parent=2608"}],"wp:term":[{"taxonomy":"category","embeddable":true,"href":"https:\/\/dgospel.com.br\/portal\/index.php\/wp-json\/wp\/v2\/categories?post=2608"},{"taxonomy":"post_tag","embeddable":true,"href":"https:\/\/dgospel.com.br\/portal\/index.php\/wp-json\/wp\/v2\/tags?post=2608"}],"curies":[{"name":"wp","href":"https:\/\/api.w.org\/{rel}","templated":true}]}}