{"id":261,"date":"2018-05-19T16:07:45","date_gmt":"2018-05-19T19:07:45","guid":{"rendered":"http:\/\/dgospel.com.br\/portal\/?p=261"},"modified":"2018-05-19T16:07:45","modified_gmt":"2018-05-19T19:07:45","slug":"dia-nacional-de-combate-ao-abuso-e-a-exploracao-sexual-de-criancas-e-adolescentes-tem-mobilizacao-na-feira-da-304-sul","status":"publish","type":"post","link":"https:\/\/dgospel.com.br\/portal\/index.php\/2018\/05\/19\/dia-nacional-de-combate-ao-abuso-e-a-exploracao-sexual-de-criancas-e-adolescentes-tem-mobilizacao-na-feira-da-304-sul\/","title":{"rendered":"Dia Nacional de Combate ao Abuso e \u00e0 Explora\u00e7\u00e3o Sexual de Crian\u00e7as e Adolescentes tem mobiliza\u00e7\u00e3o na Feira da 304 Sul"},"content":{"rendered":"<p class=\"yiv5766267383MsoNormal\">Mobiliza\u00e7\u00f5es em todo o Brasil chamaram aten\u00e7\u00e3o, neste dia 18 de maio, em alus\u00e3o ao Dia Nacional de Combate ao Abuso e \u00e0 Explora\u00e7\u00e3o Sexual de Crian\u00e7as e Adolescentes. Em Palmas, as equipes do\u00a0Centro de Refer\u00eancia Especializado em Assist\u00eancia Social (Creas)\u00a0e parceiros como Conselho Tutelar e \u00f3rg\u00e3os do Poder Judici\u00e1rio estavam na Feira da 304 Sul realizando a\u00e7\u00f5es da Campanha Fa\u00e7a Bonito, que segue at\u00e9 o dia 08 de junho com atividades em escolas, feiras, centros de educa\u00e7\u00e3o infantil e outros espa\u00e7os p\u00fablicos.<\/p>\n<p class=\"yiv5766267383MsoNormal\">\u201cPrecisamos ter uma sociedade bem informada e capaz de enfrentar esse problema. A viol\u00eancia sexual contra crian\u00e7as e adolescentes deve ser combatida diariamente e s\u00f3 \u00e9 poss\u00edvel fazer esse combate se todas as pessoas e todos os setores da sociedade estiverem unidos se fortalecendo\u201d, explicou a coordenadora do Creas, N\u00fabia Garcia.<\/p>\n<p class=\"yiv5766267383MsoNormal\">A psic\u00f3loga do Creas, Juliana Louren\u00e7o, destaca que os pais e respons\u00e1veis precisam ficar atentos aos sinais das crian\u00e7as e adolescentes quando o assunto \u00e9 viol\u00eancia sexual. \u201cA crian\u00e7a d\u00e1 muitos sinais, ela pode ficar mais calada que o seu normal, ou chorar mais, mudar de comportamento, n\u00e3o querer ir para a escola, s\u00e3o mudan\u00e7as repentinas de comportamento que podem ser percebidas se os pais prestarem aten\u00e7\u00e3o em seus filhos. Por isso \u00e9 importante esse nosso trabalho de conscientiza\u00e7\u00e3o. \u00c9 preciso que a sociedade esteja preparada para enfrentar essa situa\u00e7\u00e3o\u201d, diz a Louren\u00e7o.<\/p>\n<p class=\"yiv5766267383MsoNormal\">\u00a0Para a dona de casa Eides Dutra a a\u00e7\u00e3o foi muito positiva. \u201cEu gostei muito de receber estas informa\u00e7\u00f5es e principalmente saber que posso ligar para o Disque 100 a qualquer hora\u201d, disse a morada da Regi\u00e3o Sul de Palmas.<\/p>\n<p class=\"yiv5766267383MsoNormal\">O \u201cDisque 100\u201d \u00e9 um servi\u00e7o de recebimento, encaminhamento e monitoramento de den\u00fancias de viol\u00eancia contra crian\u00e7as e adolescentes da Secretaria de Direitos Humanos da Presid\u00eancia da Rep\u00fablica e funciona diariamente de 8 \u00e0s 22 horas, todos os dias da semana. Tamb\u00e9m podem ser encaminhadas den\u00fancias para o endere\u00e7o eletr\u00f4nico:\u00a0<a href=\"mailto:disquedenuncia@sedh.gov.br\" target=\"_blank\" rel=\"nofollow noopener\">disquedenuncia@sedh.gov.br<\/a>.<\/p>\n<p class=\"yiv5766267383MsoNormal\">A comunidade de Palmas pode ser informar mais sobre preven\u00e7\u00e3o e combate ao abuso e \u00e0 explora\u00e7\u00e3o sexual de crian\u00e7as e adolescentes na sede do pr\u00f3prio Creas ou pelo\u00a0\u00a0telefone. O centro funciona das 8 \u00e0s 18h na Quadra Arse 32, alameda 12, APM 03 e funciona das 8 \u00e0s 18 horas. Para quem desejar esclarecer d\u00favidas pode ainda entrar em contato pelo telefone (63) 3218-5456.<\/p>\n<p class=\"yiv5766267383MsoNormal\"><b>\u00a0<\/b><b>Campanha<\/b><b><\/b><\/p>\n<p class=\"yiv5766267383MsoNormal\">A Campanha Fa\u00e7a Bonito \u00e9 desenvolvida em parceria com o Centro de Defesa dos Direitos da Crian\u00e7a e do Adolescente (Cedeca) Gl\u00f3ria de Ivone, sob a coordena\u00e7\u00e3o regional do Comit\u00ea de Enfrentamento \u00e0 Viol\u00eancia Sexual contra Crian\u00e7as e Adolescentes que produziu e distribuiu cartazes e panfletos para todos os estados da regi\u00e3o, com o apoio do Minist\u00e9rio P\u00fablico do Estado do Tocantins (MPE).<\/p>\n<p class=\"yiv5766267383MsoNormal\">\n","protected":false},"excerpt":{"rendered":"<p>Mobiliza\u00e7\u00f5es em todo o Brasil chamaram aten\u00e7\u00e3o, neste dia 18 de maio, em alus\u00e3o ao Dia Nacional de Combate ao Abuso e \u00e0 Explora\u00e7\u00e3o Sexual de Crian\u00e7as e Adolescentes. Em Palmas, as equipes do\u00a0Centro de Refer\u00eancia Especializado em Assist\u00eancia Social (Creas)\u00a0e parceiros como Conselho Tutelar e \u00f3rg\u00e3os do Poder Judici\u00e1rio estavam na Feira da 304 [&hellip;]<\/p>\n","protected":false},"author":2,"featured_media":262,"comment_status":"open","ping_status":"open","sticky":false,"template":"","format":"standard","meta":[],"categories":[2,3,6],"tags":[],"_links":{"self":[{"href":"https:\/\/dgospel.com.br\/portal\/index.php\/wp-json\/wp\/v2\/posts\/261"}],"collection":[{"href":"https:\/\/dgospel.com.br\/portal\/index.php\/wp-json\/wp\/v2\/posts"}],"about":[{"href":"https:\/\/dgospel.com.br\/portal\/index.php\/wp-json\/wp\/v2\/types\/post"}],"author":[{"embeddable":true,"href":"https:\/\/dgospel.com.br\/portal\/index.php\/wp-json\/wp\/v2\/users\/2"}],"replies":[{"embeddable":true,"href":"https:\/\/dgospel.com.br\/portal\/index.php\/wp-json\/wp\/v2\/comments?post=261"}],"version-history":[{"count":1,"href":"https:\/\/dgospel.com.br\/portal\/index.php\/wp-json\/wp\/v2\/posts\/261\/revisions"}],"predecessor-version":[{"id":263,"href":"https:\/\/dgospel.com.br\/portal\/index.php\/wp-json\/wp\/v2\/posts\/261\/revisions\/263"}],"wp:featuredmedia":[{"embeddable":true,"href":"https:\/\/dgospel.com.br\/portal\/index.php\/wp-json\/wp\/v2\/media\/262"}],"wp:attachment":[{"href":"https:\/\/dgospel.com.br\/portal\/index.php\/wp-json\/wp\/v2\/media?parent=261"}],"wp:term":[{"taxonomy":"category","embeddable":true,"href":"https:\/\/dgospel.com.br\/portal\/index.php\/wp-json\/wp\/v2\/categories?post=261"},{"taxonomy":"post_tag","embeddable":true,"href":"https:\/\/dgospel.com.br\/portal\/index.php\/wp-json\/wp\/v2\/tags?post=261"}],"curies":[{"name":"wp","href":"https:\/\/api.w.org\/{rel}","templated":true}]}}