{"id":2612,"date":"2019-02-14T00:10:15","date_gmt":"2019-02-14T02:10:15","guid":{"rendered":"http:\/\/dgospel.com.br\/portal\/?p=2612"},"modified":"2019-02-14T00:10:15","modified_gmt":"2019-02-14T02:10:15","slug":"laudecy-coimbra-apresenta-proposta-de-emenda-que-acrescenta-politica-de-direito-das-mulheres-na-lei-organica-do-municipio","status":"publish","type":"post","link":"https:\/\/dgospel.com.br\/portal\/index.php\/2019\/02\/14\/laudecy-coimbra-apresenta-proposta-de-emenda-que-acrescenta-politica-de-direito-das-mulheres-na-lei-organica-do-municipio\/","title":{"rendered":"Laudecy Coimbra apresenta proposta de emenda que acrescenta Pol\u00edtica de Direito das Mulheres na Lei Org\u00e2nica do Munic\u00edpio"},"content":{"rendered":"<div>A proposta de emenda \u00e0 Lei Org\u00e2nica n\u00ba 01\/2017, de autoria da vereadora Laudecy Coimbra (SD), que acrescenta a Pol\u00edtica de Direito das Mulheres na Lei Org\u00e2nica do Munic\u00edpio de Palmas, foi colocada em pauta nesta quarta-feira, 13. A proposta que foi apresentada ano passado, e aprovada pela Comiss\u00e3o de Constitui\u00e7\u00e3o, Reda\u00e7\u00e3o e Justi\u00e7a (CCJ) nesta \u00faltima ter\u00e7a-feira, agora tramita pelo parlamento.<\/div>\n<div><\/div>\n<div>A proposta acrescenta o artigo 186A, no qual diz: \u201co munic\u00edpio de Palmas com base no marco legal que d\u00e1 origem as Pol\u00edticas P\u00fablicas para as Mulheres, prev\u00ea o desenvolvimento de a\u00e7\u00f5es que desconstruam os mitos e estere\u00f3tipos de g\u00eanero que modifiquem os padr\u00f5es sexistas, perpetuadores das desigualdades de poder entre homens e mulheres e da viol\u00eancia contra as mulheres\u201d. Preven\u00e7\u00e3o, assist\u00eancia e prote\u00e7\u00e3o, garantia de acesso aos direitos previstos das mulheres previsto na Constitui\u00e7\u00e3o Federal, s\u00e3o itens importantes que constam na emenda.<\/div>\n<div><\/div>\n<div>Conforme a vereadora, foi realizado um estudo com representantes que fazem parte da Rede de Aten\u00e7\u00e3o e Prote\u00e7\u00e3o da Mulher, e elaborada em conjunto. \u201cA pol\u00edtica da mulher deve sair da fala e acontecer de fato para que seja uma pol\u00edtica implementada de obriga\u00e7\u00e3o e que n\u00e3o dependa da vontade do gestor\u201d, explicou.<\/div>\n<div><\/div>\n<div>A vereadora explicou que essa pol\u00edtica p\u00fablica visa a aten\u00e7\u00e3o da mulher em sua integridade, para que tenha garantia de espa\u00e7o. \u201cN\u00f3s mulheres somos maioria na popula\u00e7\u00e3o, por\u00e9m em cargos de chefia e participa\u00e7\u00e3o somos minoria ainda\u201d, lamentou. E concluiu \u201cEssa legislatura deixa registrado o avan\u00e7o do papel da mulher na sociedade, mas para que possamos dar a estrutura que ela possa escolher onde queira estar\u201d.<\/div>\n","protected":false},"excerpt":{"rendered":"<p>A proposta de emenda \u00e0 Lei Org\u00e2nica n\u00ba 01\/2017, de autoria da vereadora Laudecy Coimbra (SD), que acrescenta a Pol\u00edtica de Direito das Mulheres na Lei Org\u00e2nica do Munic\u00edpio de Palmas, foi colocada em pauta nesta quarta-feira, 13. A proposta que foi apresentada ano passado, e aprovada pela Comiss\u00e3o de Constitui\u00e7\u00e3o, Reda\u00e7\u00e3o e Justi\u00e7a (CCJ) [&hellip;]<\/p>\n","protected":false},"author":2,"featured_media":2613,"comment_status":"open","ping_status":"open","sticky":false,"template":"","format":"standard","meta":[],"categories":[8,2,4],"tags":[],"_links":{"self":[{"href":"https:\/\/dgospel.com.br\/portal\/index.php\/wp-json\/wp\/v2\/posts\/2612"}],"collection":[{"href":"https:\/\/dgospel.com.br\/portal\/index.php\/wp-json\/wp\/v2\/posts"}],"about":[{"href":"https:\/\/dgospel.com.br\/portal\/index.php\/wp-json\/wp\/v2\/types\/post"}],"author":[{"embeddable":true,"href":"https:\/\/dgospel.com.br\/portal\/index.php\/wp-json\/wp\/v2\/users\/2"}],"replies":[{"embeddable":true,"href":"https:\/\/dgospel.com.br\/portal\/index.php\/wp-json\/wp\/v2\/comments?post=2612"}],"version-history":[{"count":1,"href":"https:\/\/dgospel.com.br\/portal\/index.php\/wp-json\/wp\/v2\/posts\/2612\/revisions"}],"predecessor-version":[{"id":2614,"href":"https:\/\/dgospel.com.br\/portal\/index.php\/wp-json\/wp\/v2\/posts\/2612\/revisions\/2614"}],"wp:featuredmedia":[{"embeddable":true,"href":"https:\/\/dgospel.com.br\/portal\/index.php\/wp-json\/wp\/v2\/media\/2613"}],"wp:attachment":[{"href":"https:\/\/dgospel.com.br\/portal\/index.php\/wp-json\/wp\/v2\/media?parent=2612"}],"wp:term":[{"taxonomy":"category","embeddable":true,"href":"https:\/\/dgospel.com.br\/portal\/index.php\/wp-json\/wp\/v2\/categories?post=2612"},{"taxonomy":"post_tag","embeddable":true,"href":"https:\/\/dgospel.com.br\/portal\/index.php\/wp-json\/wp\/v2\/tags?post=2612"}],"curies":[{"name":"wp","href":"https:\/\/api.w.org\/{rel}","templated":true}]}}