{"id":2615,"date":"2019-02-14T00:14:48","date_gmt":"2019-02-14T02:14:48","guid":{"rendered":"http:\/\/dgospel.com.br\/portal\/?p=2615"},"modified":"2019-02-14T00:14:48","modified_gmt":"2019-02-14T02:14:48","slug":"vereador-milton-neris-se-posiciona-contra-a-discussao-de-ideologia-de-generos-nas-escolas","status":"publish","type":"post","link":"https:\/\/dgospel.com.br\/portal\/index.php\/2019\/02\/14\/vereador-milton-neris-se-posiciona-contra-a-discussao-de-ideologia-de-generos-nas-escolas\/","title":{"rendered":"Vereador Milton Neris se posiciona contra a discuss\u00e3o de ideologia de g\u00eaneros nas escolas"},"content":{"rendered":"<div>Na manh\u00e3 desta quarta feira, 13, o vereador Milton Neris se manifestou contr\u00e1rio ao tema ideologia de g\u00eaneros nas escolas. Uma resolu\u00e7\u00e3o publicada no Di\u00e1rio Oficial pelo Governo do Tocantins na segunda-feira, 11, trata do Documento Curricular da Educa\u00e7\u00e3o Infantil e do Ensino Fundamental, para todo Estado.<\/div>\n<div><\/div>\n<div>O documento estabelece os conte\u00fados que dever\u00e3o constar em todos os curr\u00edculos escolares da Educa\u00e7\u00e3o Infantil e do Ensino Fundamental nas escolas p\u00fablicas e privadas do Estado e apresentam men\u00e7\u00f5es \u00e0 ideologia de g\u00eanero.<\/div>\n<div><\/div>\n<div><\/div>\n<div>Para o parlamentar \u00e9 preciso respeitar a individualidade e intimidade de cada um \u201cN\u00f3s n\u00e3o queremos que esse tema seja parte da grade curricular do munic\u00edpio de Palmas. Embora n\u00f3s respeitamos a individualidade e op\u00e7\u00e3o sexual de cada ser humano, defendemos os direitos da fam\u00edlia.\u201d afirmou.<\/div>\n<div><\/div>\n<div><\/div>\n<div>Neris afirmou que n\u00e3o existe necessidade de culpar Governo do Estado pela decis\u00e3o do Conselho Estadual, pois o Estado n\u00e3o tem poder sobre isso: \u201cO governador n\u00e3o pode impedir o pensamento de 11 conselheiros. Ele n\u00e3o \u00e9 autorit\u00e1rio, o que se pode fazer \u00e9 provocar a discuss\u00e3o dentro do conselho.\u201d explicou.<\/div>\n<div><\/div>\n<div>A fim de promover a discuss\u00e3o e a participa\u00e7\u00e3o da casa de leis, o vereador solicitou que seja marcada uma reuni\u00e3o junto ao conselho Estadual para o Parlamento se posicionar a respeito do assunto, al\u00e9m disso, sugeriu que seja feito um projeto de lei para regulamentar a discuss\u00e3o: \u201cPodemos propor um projeto de lei, e definitivamente proibir que sexualidade seja discutida na escola. E que a fun\u00e7\u00e3o dos educadores nas escolas seja de socializar e ensinar as mat\u00e9rias essenciais para forma\u00e7\u00e3o das crian\u00e7as.\u201d finalizou.<\/div>\n","protected":false},"excerpt":{"rendered":"<p>Na manh\u00e3 desta quarta feira, 13, o vereador Milton Neris se manifestou contr\u00e1rio ao tema ideologia de g\u00eaneros nas escolas. Uma resolu\u00e7\u00e3o publicada no Di\u00e1rio Oficial pelo Governo do Tocantins na segunda-feira, 11, trata do Documento Curricular da Educa\u00e7\u00e3o Infantil e do Ensino Fundamental, para todo Estado. O documento estabelece os conte\u00fados que dever\u00e3o constar [&hellip;]<\/p>\n","protected":false},"author":2,"featured_media":2616,"comment_status":"open","ping_status":"open","sticky":false,"template":"","format":"standard","meta":[],"categories":[8,2,4],"tags":[],"_links":{"self":[{"href":"https:\/\/dgospel.com.br\/portal\/index.php\/wp-json\/wp\/v2\/posts\/2615"}],"collection":[{"href":"https:\/\/dgospel.com.br\/portal\/index.php\/wp-json\/wp\/v2\/posts"}],"about":[{"href":"https:\/\/dgospel.com.br\/portal\/index.php\/wp-json\/wp\/v2\/types\/post"}],"author":[{"embeddable":true,"href":"https:\/\/dgospel.com.br\/portal\/index.php\/wp-json\/wp\/v2\/users\/2"}],"replies":[{"embeddable":true,"href":"https:\/\/dgospel.com.br\/portal\/index.php\/wp-json\/wp\/v2\/comments?post=2615"}],"version-history":[{"count":1,"href":"https:\/\/dgospel.com.br\/portal\/index.php\/wp-json\/wp\/v2\/posts\/2615\/revisions"}],"predecessor-version":[{"id":2617,"href":"https:\/\/dgospel.com.br\/portal\/index.php\/wp-json\/wp\/v2\/posts\/2615\/revisions\/2617"}],"wp:featuredmedia":[{"embeddable":true,"href":"https:\/\/dgospel.com.br\/portal\/index.php\/wp-json\/wp\/v2\/media\/2616"}],"wp:attachment":[{"href":"https:\/\/dgospel.com.br\/portal\/index.php\/wp-json\/wp\/v2\/media?parent=2615"}],"wp:term":[{"taxonomy":"category","embeddable":true,"href":"https:\/\/dgospel.com.br\/portal\/index.php\/wp-json\/wp\/v2\/categories?post=2615"},{"taxonomy":"post_tag","embeddable":true,"href":"https:\/\/dgospel.com.br\/portal\/index.php\/wp-json\/wp\/v2\/tags?post=2615"}],"curies":[{"name":"wp","href":"https:\/\/api.w.org\/{rel}","templated":true}]}}