{"id":2618,"date":"2019-02-14T00:16:58","date_gmt":"2019-02-14T02:16:58","guid":{"rendered":"http:\/\/dgospel.com.br\/portal\/?p=2618"},"modified":"2019-02-14T00:16:58","modified_gmt":"2019-02-14T02:16:58","slug":"programa-de-desenvolvimento-regional-integrado-e-sustentavel-garante-r-500-milhoes-em-investimentos-no-tocantins","status":"publish","type":"post","link":"https:\/\/dgospel.com.br\/portal\/index.php\/2019\/02\/14\/programa-de-desenvolvimento-regional-integrado-e-sustentavel-garante-r-500-milhoes-em-investimentos-no-tocantins\/","title":{"rendered":"Programa de Desenvolvimento Regional Integrado e Sustent\u00e1vel garante R$ 500 milh\u00f5es em investimentos no Tocantins"},"content":{"rendered":"<p>O governador do Estado do Tocantins, Mauro Carlesse, e o diretor do Banco Mundial para o Brasil, Martin Raiser, assinaram na tarde desta quarta-feira, 13, em Bras\u00edlia, o aditivo de contrato do Programa de Desenvolvimento Regional Integrado e Sustent\u00e1vel (PDRIS), relativo aos projetos executados pelo Governo do Tocantins. \u00a0Investimentos s\u00e3o\u00a0 na ordem de R$ 500 milh\u00f5es\u00a0garantidos at\u00e9 dezembro de 2020.<\/p>\n<p>O governador Mauro Carlesse afirmou que esses investimentos aliados ao ajuste das contas p\u00fablicas, colocam o Tocantins em condi\u00e7\u00f5es de voltar a crescer. \u201cEsse trabalho que fizemos foi justamente para isso, recuperar\u00a0a capacidade de investimento do Estado, gerar empregos, aquecer a economia e promover o desenvolvimento. Estamos trabalhando muito e os resultados logo v\u00e3o come\u00e7ar a aparecer\u201d, disse o Governador.<\/p>\n<p>Os recursos do PDRIS ser\u00e3o investidos em obras, estudos, consultorias e apoio a atividades do Governo visando o desenvolvimento do Estado; a \u00a0gera\u00e7\u00e3o de emprego e renda; melhorias na educa\u00e7\u00e3o; apoio \u00e0 sanidade alimentar; recupera\u00e7\u00e3o, conserva\u00e7\u00e3o e sinaliza\u00e7\u00e3o de rodovias; aquisi\u00e7\u00e3o de mobili\u00e1rios e equipamentos de tecnologia da informa\u00e7\u00e3o e outros projetos.<\/p>\n<p>\u201cDentre as exig\u00eancias do Banco Mundial estava licitar, contratar e come\u00e7ar a executar alguns projetos e n\u00f3s conseguimos fazer tudo isso. Vencida essa etapa, o Tocantins vai experimentar um novo momento e a nossa popula\u00e7\u00e3o vai sentir a cria\u00e7\u00e3o de oportunidades com esses investimentos\u201d, afirmou o governador.<\/p>\n<p>Dentre os projetos que j\u00e1 foram licitados e contratados est\u00e3o o CREMA 2, de responsabilidade da Ag\u00eancia Tocantinense de Transportes e Obras (Ageto). Nesta modalidade, est\u00e3o previstas a recupera\u00e7\u00e3o de pavimento em eixos rodovi\u00e1rios de interliga\u00e7\u00e3o municipal, com sinaliza\u00e7\u00e3o vi\u00e1ria. Tamb\u00e9m est\u00e3o contemplados a constru\u00e7\u00e3o de pontes, bueiros e galerias de concreto em estradas vicinais no Estado. O PDRIS prev\u00ea tamb\u00e9m o incremento ao turismo, reforma de escolas, al\u00e9m de investimentos na qualifica\u00e7\u00e3o de pequenos produtores rurais para produ\u00e7\u00e3o de frutas.<\/p>\n<p><strong>Presentes<\/strong><\/p>\n<p>Tamb\u00e9m participaram da reuni\u00e3o de trabalho, o secret\u00e1rio de Fazenda, Planejamento e Or\u00e7amento, Sandro Henrique Armando, o secret\u00e1rio de Infraestrutura, Cidades e Habita\u00e7\u00e3o, Renato de Assun\u00e7\u00e3o, o secret\u00e1rio executivo de Fazenda Planejamento e Or\u00e7amento, Sergislei Silva de Moura, o diretor da unidade de gerenciamento de projetos da Sefaz-TO, Maur\u00edcio Fregonesi; e tamb\u00e9m o coordenador de Opera\u00e7\u00f5es Infraestrutura e Desenvolvimento Sustent\u00e1vel, Paul Procee,\u00a0 o gerente de Transportes do BIRD, Juan Graviria, o gerente do Projeto, Satoshi Ogita e da gerente de Opera\u00e7\u00f5es Doina Petrescu, todos do BIRD.<\/p>\n<p><strong>Audi\u00eancias<\/strong><\/p>\n<p>Ainda na tarde desta quarta-feira, o governador Mauro Carlesse participou de \u00a0uma audi\u00eancia com o ministro da Secretaria de Governo, general Carlos Alberto Santos Cruz. Em seguida, o governador se dirigiu ao Congresso Nacional, onde visitou os gabinetes dos tr\u00eas senadores tocantinenses e, na C\u00e2mara dos Deputados, conversou com os deputados federais do Tocantins. Ainda na noite desta quarta-feira, est\u00e1 previsto um jantar do governador com toda a bancada tocantinense em Bras\u00edlia.<\/p>\n","protected":false},"excerpt":{"rendered":"<p>O governador do Estado do Tocantins, Mauro Carlesse, e o diretor do Banco Mundial para o Brasil, Martin Raiser, assinaram na tarde desta quarta-feira, 13, em Bras\u00edlia, o aditivo de contrato do Programa de Desenvolvimento Regional Integrado e Sustent\u00e1vel (PDRIS), relativo aos projetos executados pelo Governo do Tocantins. \u00a0Investimentos s\u00e3o\u00a0 na ordem de R$ 500 [&hellip;]<\/p>\n","protected":false},"author":2,"featured_media":2619,"comment_status":"open","ping_status":"open","sticky":false,"template":"","format":"standard","meta":[],"categories":[2,3],"tags":[],"_links":{"self":[{"href":"https:\/\/dgospel.com.br\/portal\/index.php\/wp-json\/wp\/v2\/posts\/2618"}],"collection":[{"href":"https:\/\/dgospel.com.br\/portal\/index.php\/wp-json\/wp\/v2\/posts"}],"about":[{"href":"https:\/\/dgospel.com.br\/portal\/index.php\/wp-json\/wp\/v2\/types\/post"}],"author":[{"embeddable":true,"href":"https:\/\/dgospel.com.br\/portal\/index.php\/wp-json\/wp\/v2\/users\/2"}],"replies":[{"embeddable":true,"href":"https:\/\/dgospel.com.br\/portal\/index.php\/wp-json\/wp\/v2\/comments?post=2618"}],"version-history":[{"count":1,"href":"https:\/\/dgospel.com.br\/portal\/index.php\/wp-json\/wp\/v2\/posts\/2618\/revisions"}],"predecessor-version":[{"id":2620,"href":"https:\/\/dgospel.com.br\/portal\/index.php\/wp-json\/wp\/v2\/posts\/2618\/revisions\/2620"}],"wp:featuredmedia":[{"embeddable":true,"href":"https:\/\/dgospel.com.br\/portal\/index.php\/wp-json\/wp\/v2\/media\/2619"}],"wp:attachment":[{"href":"https:\/\/dgospel.com.br\/portal\/index.php\/wp-json\/wp\/v2\/media?parent=2618"}],"wp:term":[{"taxonomy":"category","embeddable":true,"href":"https:\/\/dgospel.com.br\/portal\/index.php\/wp-json\/wp\/v2\/categories?post=2618"},{"taxonomy":"post_tag","embeddable":true,"href":"https:\/\/dgospel.com.br\/portal\/index.php\/wp-json\/wp\/v2\/tags?post=2618"}],"curies":[{"name":"wp","href":"https:\/\/api.w.org\/{rel}","templated":true}]}}