{"id":2621,"date":"2019-02-14T00:25:49","date_gmt":"2019-02-14T02:25:49","guid":{"rendered":"http:\/\/dgospel.com.br\/portal\/?p=2621"},"modified":"2019-02-14T00:25:49","modified_gmt":"2019-02-14T02:25:49","slug":"prefeita-cinthia-reune-secretariado-e-determina-foco-na-humanizacao-e-qualidade-dos-servicos-publicos","status":"publish","type":"post","link":"https:\/\/dgospel.com.br\/portal\/index.php\/2019\/02\/14\/prefeita-cinthia-reune-secretariado-e-determina-foco-na-humanizacao-e-qualidade-dos-servicos-publicos\/","title":{"rendered":"Prefeita Cinthia re\u00fane secretariado e determina foco na humaniza\u00e7\u00e3o e qualidade dos servi\u00e7os p\u00fablicos"},"content":{"rendered":"<p class=\"yiv5479225449MsoNormal\">Dando prosseguimento \u00e0 agenda de trabalho, a prefeita de Palmas, Cinthia Ribeiro, reuniu o secretariado na manh\u00e3 desta quarta-feira, 13, em seu gabinete, em Palmas. Al\u00e9m de discutir demandas internas, calend\u00e1rio da s\u00e9rie de obras que a Capital ter\u00e1, a gestora e os membros do primeiro escal\u00e3o do governo refor\u00e7aram o compromisso de aproximar cada vez mais a gest\u00e3o da popula\u00e7\u00e3o e buscar a melhoria dos servi\u00e7os oferecidos pelo Munic\u00edpio. \u201cHumanizar as a\u00e7\u00f5es da gest\u00e3o reflete diretamente na qualidade no atendimento que por sua vez est\u00e1 ligado a forma como tratamos a popula\u00e7\u00e3o\u201d, afirmou a prefeita.<\/p>\n<p class=\"yiv5479225449MsoNormal\">A prefeita destacou a expectativa positiva para o ano de 2019 que marca os 30 anos da funda\u00e7\u00e3o da Capital. \u201cEste ano \u00e9 decisivo para Palmas, que completa 30 anos. Estamos prestes a dar in\u00edcio a uma s\u00e9rie de obras de infraestrutura que v\u00e3o aquecer a economia da Capital, gerar emprego e renda, mas acima de tudo melhorar a infraestrutura e mobilidade urbana da cidade\u201d, afirmou a prefeita aos secret\u00e1rios. \u201cComprometimento com qualidade dos servi\u00e7os e aten\u00e7\u00e3o aos palmenses s\u00e3o os objetivos da gest\u00e3o\u201d, complementou a prefeita.<\/p>\n<p class=\"yiv5479225449MsoNormal\">Ao citar as obras, a gestora se refere ao investimento de US$ 60,8 milh\u00f5es (aproximadamente R$ 235 milh\u00f5es) na Capital, fruto de conv\u00eanio com da\u00a0Corpora\u00e7\u00e3o Andina de Fomento\u00a0(CAF), subsidiada pelo\u00a0Banco de Desenvolvimento da Am\u00e9rica Latina. O contrato prev\u00ea obras em v\u00e1rios setores como pavimenta\u00e7\u00e3o, drenagem pluvial, melhorias em ilumina\u00e7\u00e3o p\u00fablica, entre outras.<\/p>\n<p class=\"yiv5479225449MsoNormal\">\u201cPalmas ser\u00e1, de fato, um canteiro de obras. E obras estruturantes, que resultam em benef\u00edcios diretos para a popula\u00e7\u00e3o e refletem na melhoria de vida dos palmenses\u201d, destacou. A prefeita citou ainda a expectativa da entrega de tr\u00eas novos Cmeis (Centros Municipais de Educa\u00e7\u00e3o Infantil) e de moradias populares.<\/p>\n<p class=\"yiv5479225449MsoNormal\">Os membros de sua equipe de governo apresentaram a prefeita o est\u00e1gio atual de a\u00e7\u00f5es, projetos e iniciativas desenvolvidas pelas pastas. \u201cO acompanhamento dessas a\u00e7\u00f5es por parte dos gestores \u00e9 imprescind\u00edvel porque, repito, s\u00e3o medidas tomadas que interessam diretamente \u00e0s mulheres, aos homens, crian\u00e7as, jovens, adultos e idosos que dependem do munic\u00edpio\u201d, afirmou.<\/p>\n<p class=\"yiv5479225449MsoNormal\">Cinthia Ribeiro tamb\u00e9m discutiu a quest\u00e3o or\u00e7ament\u00e1ria, com foco na busca de medidas de conten\u00e7\u00e3o de despesas sem prejudicar a qualidade do servi\u00e7o oferecido. \u201cO nosso pa\u00eds est\u00e1 saindo de uma crise econ\u00f4mica que afetou diretamente a vida dos brasileiros. Isso afetou tamb\u00e9m o poder p\u00fablico. Os recursos or\u00e7ament\u00e1rios s\u00e3o pequenos em vista do muito que queremos fazer e temos planejado para fazer. Por isso, devemos otimizar esses recursos, buscar parcerias para que as iniciativas do munic\u00edpios voltadas \u00e0 popula\u00e7\u00e3o sejam concretizadas e eficazes\u201d, finalizou a prefeita.<\/p>\n","protected":false},"excerpt":{"rendered":"<p>Dando prosseguimento \u00e0 agenda de trabalho, a prefeita de Palmas, Cinthia Ribeiro, reuniu o secretariado na manh\u00e3 desta quarta-feira, 13, em seu gabinete, em Palmas. Al\u00e9m de discutir demandas internas, calend\u00e1rio da s\u00e9rie de obras que a Capital ter\u00e1, a gestora e os membros do primeiro escal\u00e3o do governo refor\u00e7aram o compromisso de aproximar cada [&hellip;]<\/p>\n","protected":false},"author":2,"featured_media":2622,"comment_status":"open","ping_status":"open","sticky":false,"template":"","format":"standard","meta":[],"categories":[2,4],"tags":[],"_links":{"self":[{"href":"https:\/\/dgospel.com.br\/portal\/index.php\/wp-json\/wp\/v2\/posts\/2621"}],"collection":[{"href":"https:\/\/dgospel.com.br\/portal\/index.php\/wp-json\/wp\/v2\/posts"}],"about":[{"href":"https:\/\/dgospel.com.br\/portal\/index.php\/wp-json\/wp\/v2\/types\/post"}],"author":[{"embeddable":true,"href":"https:\/\/dgospel.com.br\/portal\/index.php\/wp-json\/wp\/v2\/users\/2"}],"replies":[{"embeddable":true,"href":"https:\/\/dgospel.com.br\/portal\/index.php\/wp-json\/wp\/v2\/comments?post=2621"}],"version-history":[{"count":1,"href":"https:\/\/dgospel.com.br\/portal\/index.php\/wp-json\/wp\/v2\/posts\/2621\/revisions"}],"predecessor-version":[{"id":2623,"href":"https:\/\/dgospel.com.br\/portal\/index.php\/wp-json\/wp\/v2\/posts\/2621\/revisions\/2623"}],"wp:featuredmedia":[{"embeddable":true,"href":"https:\/\/dgospel.com.br\/portal\/index.php\/wp-json\/wp\/v2\/media\/2622"}],"wp:attachment":[{"href":"https:\/\/dgospel.com.br\/portal\/index.php\/wp-json\/wp\/v2\/media?parent=2621"}],"wp:term":[{"taxonomy":"category","embeddable":true,"href":"https:\/\/dgospel.com.br\/portal\/index.php\/wp-json\/wp\/v2\/categories?post=2621"},{"taxonomy":"post_tag","embeddable":true,"href":"https:\/\/dgospel.com.br\/portal\/index.php\/wp-json\/wp\/v2\/tags?post=2621"}],"curies":[{"name":"wp","href":"https:\/\/api.w.org\/{rel}","templated":true}]}}