{"id":2624,"date":"2019-02-14T00:27:21","date_gmt":"2019-02-14T02:27:21","guid":{"rendered":"http:\/\/dgospel.com.br\/portal\/?p=2624"},"modified":"2019-02-14T00:27:21","modified_gmt":"2019-02-14T02:27:21","slug":"agtur-realiza-sorteio-dos-espacos-da-praca-de-alimentacao-do-capital-da-fe-2019-nesta-sexta-15","status":"publish","type":"post","link":"https:\/\/dgospel.com.br\/portal\/index.php\/2019\/02\/14\/agtur-realiza-sorteio-dos-espacos-da-praca-de-alimentacao-do-capital-da-fe-2019-nesta-sexta-15\/","title":{"rendered":"Agtur realiza sorteio dos espa\u00e7os da Pra\u00e7a de Alimenta\u00e7\u00e3o do Capital da F\u00e9 2019 nesta sexta, 15"},"content":{"rendered":"<p class=\"yiv5693740341MsoNormal\">A Ag\u00eancia Municipal de Turismo (Agtur) realizar\u00e1 nesta sexta-feira, 15, \u00e0s 15h, na sede da Agtur, no Centro de Conven\u00e7\u00f5es Arnauld Rodrigues, o sorteio dos 60 espa\u00e7os com concess\u00e3o gratuita destinados \u00e0 comercializa\u00e7\u00e3o de alimentos e bebidas durante a realiza\u00e7\u00e3o do\u00a0 Palmas Capital da F\u00e9 2019. O evento ser\u00e1 realizado no per\u00edodo de 1\u00ba a 05 de mar\u00e7o, na Vila Ol\u00edmpica, regi\u00e3o Sul da Capital.<\/p>\n<p class=\"yiv5693740341MsoNormal\">No total foram 75 inscritos para os 60 espa\u00e7os de comercializa\u00e7\u00e3o de alimentos, sendo 40 estandes (3&#215;2) e dez espa\u00e7os para churros, pipocas e algod\u00e3o doce, distribu\u00eddos pelo circuito do evento e 10 espa\u00e7os para\u00a0<i>food trucks<\/i>\u00a0para comercializa\u00e7\u00e3o de alimentos e bebidas.<\/p>\n<p class=\"yiv5693740341MsoNormal\">Os 35 estandes sorteados para microempreendedores do ramo de alimenta\u00e7\u00e3o ser\u00e3o disponibilizados da seguinte forma: tr\u00eas para pastel, dois para tapioca, dois para hamb\u00farguer, dois para hot-dog, tr\u00eas para massas (pizza, lasanha), tr\u00eas para sorvetes e a\u00e7a\u00ed, dois para caldos, tr\u00eas para salgados (fritos e assados), tr\u00eas para carne na chapa, dois para derivados de milho, tr\u00eas para doces (bolos, trufas, tortas), dois para crepes e panquecas, dois para panelinha, dois para\u00a0<i>shawarma\u00a0<\/i>e um para lanches saud\u00e1veis.<\/p>\n<p class=\"yiv5693740341MsoNormal\">J\u00e1 para os cinco estandes destinados aos projetos sociais, que dever\u00e3o atuar no ramo de alimenta\u00e7\u00e3o, est\u00e1 autorizada a venda de comidas diversas, sandu\u00edches e hamb\u00fargueres, salgados, sandu\u00edche natural e bebidas, como \u00e1gua mineral, \u00e1gua de coco, isot\u00f4nicos, energ\u00e9ticos, sucos naturais, industrializados e refrigerantes.<\/p>\n<p class=\"yiv5693740341MsoNormal\">Para comercializa\u00e7\u00e3o de pipocas ser\u00e3o destinados dez espa\u00e7os distribu\u00eddos em todo o circuito do evento, com a venda autorizada de churros, pipocas, algod\u00e3o doce e bebidas enlatadas. Os\u00a0<i>food trucks<\/i>\u00a0ter\u00e3o dispon\u00edveis dez espa\u00e7os cobertos com tendas, onde ser\u00e1 autorizada a venda de comida diversa.<\/p>\n<p class=\"yiv5693740341MsoNormal\">A sele\u00e7\u00e3o ocorrer\u00e1 mediante an\u00e1lise dos documentos e fotos do equipamento e estrutura (interna e externa) do ve\u00edculo\u00a0<i>food truck<\/i>, bem como an\u00e1lise do card\u00e1pio de acordo com o\u00a0<i>mix<\/i>\u00a0de produtos a serem comercializados. Condi\u00e7\u00f5es para credenciamento<\/p>\n<p class=\"yiv5693740341MsoNormal\">Na oportunidade os sorteados dever\u00e3o firmar o termo de compromisso com a Agtur, e ter\u00e3o at\u00e9 o dia 25 de fevereiro para efetuar o pagamento da taxa referente \u00e0 vistoria da vigil\u00e2ncia.<\/p>\n<p class=\"yiv5693740341MsoNormal\">A Agtur oferecer\u00e1 um curso de manipula\u00e7\u00e3o de alimentos e pr\u00e1ticas em data a ser definida.<\/p>\n<p class=\"yiv5693740341MsoNormal\">\n<p class=\"yiv5693740341MsoNormal\"><b>Entrega dos espa\u00e7os<\/b><\/p>\n<p class=\"yiv5693740341MsoNormal\">Os espa\u00e7os dever\u00e3o ser entregues no dia 28 de fevereiro no local do evento. Mais informa\u00e7\u00f5es podem ser obtidas na Agtur, localizada na Arse 33, Avenida NS 10 S\/N, das 13 a 19 horas ou por meio do telefone 2111-3240.<\/p>\n","protected":false},"excerpt":{"rendered":"<p>A Ag\u00eancia Municipal de Turismo (Agtur) realizar\u00e1 nesta sexta-feira, 15, \u00e0s 15h, na sede da Agtur, no Centro de Conven\u00e7\u00f5es Arnauld Rodrigues, o sorteio dos 60 espa\u00e7os com concess\u00e3o gratuita destinados \u00e0 comercializa\u00e7\u00e3o de alimentos e bebidas durante a realiza\u00e7\u00e3o do\u00a0 Palmas Capital da F\u00e9 2019. O evento ser\u00e1 realizado no per\u00edodo de 1\u00ba a [&hellip;]<\/p>\n","protected":false},"author":2,"featured_media":2625,"comment_status":"open","ping_status":"open","sticky":false,"template":"","format":"standard","meta":[],"categories":[2,3],"tags":[],"_links":{"self":[{"href":"https:\/\/dgospel.com.br\/portal\/index.php\/wp-json\/wp\/v2\/posts\/2624"}],"collection":[{"href":"https:\/\/dgospel.com.br\/portal\/index.php\/wp-json\/wp\/v2\/posts"}],"about":[{"href":"https:\/\/dgospel.com.br\/portal\/index.php\/wp-json\/wp\/v2\/types\/post"}],"author":[{"embeddable":true,"href":"https:\/\/dgospel.com.br\/portal\/index.php\/wp-json\/wp\/v2\/users\/2"}],"replies":[{"embeddable":true,"href":"https:\/\/dgospel.com.br\/portal\/index.php\/wp-json\/wp\/v2\/comments?post=2624"}],"version-history":[{"count":1,"href":"https:\/\/dgospel.com.br\/portal\/index.php\/wp-json\/wp\/v2\/posts\/2624\/revisions"}],"predecessor-version":[{"id":2626,"href":"https:\/\/dgospel.com.br\/portal\/index.php\/wp-json\/wp\/v2\/posts\/2624\/revisions\/2626"}],"wp:featuredmedia":[{"embeddable":true,"href":"https:\/\/dgospel.com.br\/portal\/index.php\/wp-json\/wp\/v2\/media\/2625"}],"wp:attachment":[{"href":"https:\/\/dgospel.com.br\/portal\/index.php\/wp-json\/wp\/v2\/media?parent=2624"}],"wp:term":[{"taxonomy":"category","embeddable":true,"href":"https:\/\/dgospel.com.br\/portal\/index.php\/wp-json\/wp\/v2\/categories?post=2624"},{"taxonomy":"post_tag","embeddable":true,"href":"https:\/\/dgospel.com.br\/portal\/index.php\/wp-json\/wp\/v2\/tags?post=2624"}],"curies":[{"name":"wp","href":"https:\/\/api.w.org\/{rel}","templated":true}]}}