{"id":2627,"date":"2019-02-14T00:38:00","date_gmt":"2019-02-14T02:38:00","guid":{"rendered":"http:\/\/dgospel.com.br\/portal\/?p=2627"},"modified":"2019-02-14T00:38:00","modified_gmt":"2019-02-14T02:38:00","slug":"servicos-de-radioterapia-voltam-a-normalidade-em-palmas","status":"publish","type":"post","link":"https:\/\/dgospel.com.br\/portal\/index.php\/2019\/02\/14\/servicos-de-radioterapia-voltam-a-normalidade-em-palmas\/","title":{"rendered":"Servi\u00e7os de Radioterapia voltam \u00e0 normalidade em Palmas"},"content":{"rendered":"<p>Os atendimentos de radioterapia em Palmas, que s\u00e3o prestados pela empresa Cl\u00ednica M\u00e9dica Oncol\u00f3gica Irradiar,\u00a0foram retomados nesta quarta-feira, 13. Os pacientes est\u00e3o sendo agendados para realiza\u00e7\u00e3o do tratamento de forma regular.<\/p>\n<p>J\u00e1 os pacientes de Aragua\u00edna est\u00e3o sendo agendados para realizar o tratamento em Imperatriz no Maranh\u00e3o, onde o Estado mant\u00e9m este servi\u00e7o contratado, at\u00e9 que seja liberada, pela Comiss\u00e3o Nacional de Energia N\u00faclear (Cnem) do Governo Federal, a m\u00e1quina instalada em Aragua\u00edna.<\/p>\n<p>O secret\u00e1rio de Estado da Sa\u00fade, Renato Jayme da Silva, est\u00e1 em Bras\u00edlia (DF), na inten\u00e7\u00e3o de se reunir com o ministro da Sa\u00fade, Luiz Henrique Mandetta, para interceder com a equipe da Comiss\u00e3o Nacional de Energia Nuclear pela libera\u00e7\u00e3o da m\u00e1quina de radioterapia instalada em Aragua\u00edna. \u201cAs a\u00e7\u00f5es de compet\u00eancia da gest\u00e3o estadual foram conclu\u00eddas como a aquisi\u00e7\u00e3o do acelerador linear e simulador de radioterapia, amplia\u00e7\u00e3o e adequa\u00e7\u00e3o do bunker, instala\u00e7\u00e3o e comissionamento do equipamento, treinamento dos profissionais e constru\u00e7\u00e3o do Plano de Radioprote\u00e7\u00e3o. Aguardamos, agora, s\u00f3 a libera\u00e7\u00e3o do equipamento para iniciar os atendimentos e estamos aqui para pedir agilidade neste processo\u201d, explica Renato Jayme.<\/p>\n<p>O Tocantins possui dois servi\u00e7os de tratamento oncol\u00f3gicos, as Unidades de Alta Complexidade em Oncologia (Unacons) est\u00e3o localizadas em Palmas no Hospital Geral de Palmas (HGP) e em Aragua\u00edna no Hospital Regional de Aragua\u00edna (HRA), para a realiza\u00e7\u00e3o de consultas especializadas, quimioterapias, braquiterapia, hormonioterapia e demais servi\u00e7os necess\u00e1rios ao tratamento do c\u00e2ncer.<\/p>\n","protected":false},"excerpt":{"rendered":"<p>Os atendimentos de radioterapia em Palmas, que s\u00e3o prestados pela empresa Cl\u00ednica M\u00e9dica Oncol\u00f3gica Irradiar,\u00a0foram retomados nesta quarta-feira, 13. Os pacientes est\u00e3o sendo agendados para realiza\u00e7\u00e3o do tratamento de forma regular. J\u00e1 os pacientes de Aragua\u00edna est\u00e3o sendo agendados para realizar o tratamento em Imperatriz no Maranh\u00e3o, onde o Estado mant\u00e9m este servi\u00e7o contratado, at\u00e9 [&hellip;]<\/p>\n","protected":false},"author":2,"featured_media":2628,"comment_status":"open","ping_status":"open","sticky":false,"template":"","format":"standard","meta":[],"categories":[3],"tags":[],"_links":{"self":[{"href":"https:\/\/dgospel.com.br\/portal\/index.php\/wp-json\/wp\/v2\/posts\/2627"}],"collection":[{"href":"https:\/\/dgospel.com.br\/portal\/index.php\/wp-json\/wp\/v2\/posts"}],"about":[{"href":"https:\/\/dgospel.com.br\/portal\/index.php\/wp-json\/wp\/v2\/types\/post"}],"author":[{"embeddable":true,"href":"https:\/\/dgospel.com.br\/portal\/index.php\/wp-json\/wp\/v2\/users\/2"}],"replies":[{"embeddable":true,"href":"https:\/\/dgospel.com.br\/portal\/index.php\/wp-json\/wp\/v2\/comments?post=2627"}],"version-history":[{"count":1,"href":"https:\/\/dgospel.com.br\/portal\/index.php\/wp-json\/wp\/v2\/posts\/2627\/revisions"}],"predecessor-version":[{"id":2629,"href":"https:\/\/dgospel.com.br\/portal\/index.php\/wp-json\/wp\/v2\/posts\/2627\/revisions\/2629"}],"wp:featuredmedia":[{"embeddable":true,"href":"https:\/\/dgospel.com.br\/portal\/index.php\/wp-json\/wp\/v2\/media\/2628"}],"wp:attachment":[{"href":"https:\/\/dgospel.com.br\/portal\/index.php\/wp-json\/wp\/v2\/media?parent=2627"}],"wp:term":[{"taxonomy":"category","embeddable":true,"href":"https:\/\/dgospel.com.br\/portal\/index.php\/wp-json\/wp\/v2\/categories?post=2627"},{"taxonomy":"post_tag","embeddable":true,"href":"https:\/\/dgospel.com.br\/portal\/index.php\/wp-json\/wp\/v2\/tags?post=2627"}],"curies":[{"name":"wp","href":"https:\/\/api.w.org\/{rel}","templated":true}]}}