{"id":2630,"date":"2019-02-14T00:57:56","date_gmt":"2019-02-14T02:57:56","guid":{"rendered":"http:\/\/dgospel.com.br\/portal\/?p=2630"},"modified":"2019-02-14T00:58:14","modified_gmt":"2019-02-14T02:58:14","slug":"palmas-capital-da-fe-2019-sera-lancado-nesta-quinta-feira-14","status":"publish","type":"post","link":"https:\/\/dgospel.com.br\/portal\/index.php\/2019\/02\/14\/palmas-capital-da-fe-2019-sera-lancado-nesta-quinta-feira-14\/","title":{"rendered":"Palmas Capital da F\u00e9 2019 ser\u00e1 lan\u00e7ado nesta quinta-feira, 14"},"content":{"rendered":"<p>A prefeita de Palmas Cinthia Ribeiro e o Presidente da Ag\u00eancia Municipal de Turismo (Agtur) Eudes Assis, far\u00e3o o lan\u00e7amento do Palmas Capital da F\u00e9 2019, nesta quinta-feira, 14, \u00e0s 15 horas, no Gabinete da Prefeita, na Acne 1 &#8211; Avenida JK, Edif\u00edcio Via Nobre Empresarial, Lote 28-A, 8\u00ba andar. Na oportunidade ser\u00e3o anunciadas as atra\u00e7\u00f5es nacionais e regionais do evento, estrutura, esquema de seguran\u00e7a e outros detalhes.<\/p>\n<p>O evento ser\u00e1 realizado entre os dias 1\u00ba e 5 de mar\u00e7o no estacionamento do Est\u00e1dio Nilton Santos, na regi\u00e3o sul de Palmas. O evento que \u00e9 realizado durante o carnaval j\u00e1 virou tradi\u00e7\u00e3o na capital e re\u00fane milhares de f\u00e3s da m\u00fasica gospel.<\/p>\n<p>As primeiras atra\u00e7\u00f5es do Palmas Capital da F\u00e9 foram publicadas no Di\u00e1rio Oficial da capital nesta ter\u00e7a-feira.<\/p>\n<p>O documento traz os nomes dos cantores de m\u00fasica gospel Sandro Nazireu, Anderson Freire, Gabriela Rocha e Eliana Ribeiro.<\/p>\n<p><strong>Veja as datas de cada show:<\/strong><\/p>\n<ul>\n<li>1\u00ba de mar\u00e7o &#8211; Gabriela Rocha<\/li>\n<li>2 de mar\u00e7o &#8211; Anderson Freire<\/li>\n<li>3 de mar\u00e7o &#8211; Sandro Nazireu<\/li>\n<li>4 de mar\u00e7o &#8211; Eliana Ribeiro<\/li>\n<\/ul>\n<p>&nbsp;<\/p>\n","protected":false},"excerpt":{"rendered":"<p>A prefeita de Palmas Cinthia Ribeiro e o Presidente da Ag\u00eancia Municipal de Turismo (Agtur) Eudes Assis, far\u00e3o o lan\u00e7amento do Palmas Capital da F\u00e9 2019, nesta quinta-feira, 14, \u00e0s 15 horas, no Gabinete da Prefeita, na Acne 1 &#8211; Avenida JK, Edif\u00edcio Via Nobre Empresarial, Lote 28-A, 8\u00ba andar. Na oportunidade ser\u00e3o anunciadas as [&hellip;]<\/p>\n","protected":false},"author":2,"featured_media":2631,"comment_status":"open","ping_status":"open","sticky":false,"template":"","format":"standard","meta":[],"categories":[2,5],"tags":[],"_links":{"self":[{"href":"https:\/\/dgospel.com.br\/portal\/index.php\/wp-json\/wp\/v2\/posts\/2630"}],"collection":[{"href":"https:\/\/dgospel.com.br\/portal\/index.php\/wp-json\/wp\/v2\/posts"}],"about":[{"href":"https:\/\/dgospel.com.br\/portal\/index.php\/wp-json\/wp\/v2\/types\/post"}],"author":[{"embeddable":true,"href":"https:\/\/dgospel.com.br\/portal\/index.php\/wp-json\/wp\/v2\/users\/2"}],"replies":[{"embeddable":true,"href":"https:\/\/dgospel.com.br\/portal\/index.php\/wp-json\/wp\/v2\/comments?post=2630"}],"version-history":[{"count":2,"href":"https:\/\/dgospel.com.br\/portal\/index.php\/wp-json\/wp\/v2\/posts\/2630\/revisions"}],"predecessor-version":[{"id":2633,"href":"https:\/\/dgospel.com.br\/portal\/index.php\/wp-json\/wp\/v2\/posts\/2630\/revisions\/2633"}],"wp:featuredmedia":[{"embeddable":true,"href":"https:\/\/dgospel.com.br\/portal\/index.php\/wp-json\/wp\/v2\/media\/2631"}],"wp:attachment":[{"href":"https:\/\/dgospel.com.br\/portal\/index.php\/wp-json\/wp\/v2\/media?parent=2630"}],"wp:term":[{"taxonomy":"category","embeddable":true,"href":"https:\/\/dgospel.com.br\/portal\/index.php\/wp-json\/wp\/v2\/categories?post=2630"},{"taxonomy":"post_tag","embeddable":true,"href":"https:\/\/dgospel.com.br\/portal\/index.php\/wp-json\/wp\/v2\/tags?post=2630"}],"curies":[{"name":"wp","href":"https:\/\/api.w.org\/{rel}","templated":true}]}}