{"id":2638,"date":"2019-02-15T01:22:46","date_gmt":"2019-02-15T03:22:46","guid":{"rendered":"http:\/\/dgospel.com.br\/portal\/?p=2638"},"modified":"2019-02-15T01:22:46","modified_gmt":"2019-02-15T03:22:46","slug":"joelma-diz-que-e-sobrenatural-cantar-para-deus","status":"publish","type":"post","link":"https:\/\/dgospel.com.br\/portal\/index.php\/2019\/02\/15\/joelma-diz-que-e-sobrenatural-cantar-para-deus\/","title":{"rendered":"Joelma diz que \u00e9 sobrenatural cantar para Deus"},"content":{"rendered":"<p>Ao ser questionada sobre uma futura carreira gospel, a cantora\u00a0<strong><a href=\"https:\/\/guiame.com.br\/musica\/videos-clipes\/joelma-publica-video-cantando-musica-gospel-e-repercute-nas-midias-sociais-assista.html\">Joelma<\/a><\/strong>, disse em entrevista para o programa TV Fama, da Rede TV! na segunda-feira (11), que canta m\u00fasicas evang\u00e9licas h\u00e1 muitos anos e que tem sentimentos e emo\u00e7\u00f5es especiais quando cana hinos.<\/p>\n<p>\u201c<em>Eu canto hinos de louvor h\u00e1 18 anos. A diferen\u00e7a \u00e9 que hoje canto nas igrejas, antes era em casa\u201d, explicou a cantora que h\u00e1 tempos se declara evang\u00e9lica.<\/em><\/p>\n<p><em>A ex-vocalista da banda Calypso<\/em>\u00a0disse ainda que \u201c<em>cantar o gospel \u00e9 algo sobrenatural. \u00c9 uma for\u00e7a incr\u00edvel. Quero chorar, gritar, parece que vou sair de mim. \u00c9 algo maravilhoso que tenho desde crian\u00e7a, algo muito meu, entre mim e Deus\u201d.<\/em><\/p>\n<p><em>Joelma nunca escondeu sua f\u00e9 em Jesus e contou que tem cantado m\u00fasica crist\u00e3 desde que estava com seu ex-grupo musical.\u00a0<\/em><em>\u201c<\/em><em>Eu estou no gospel h\u00e1 18 anos. Procura l\u00e1: Calypso Gospel, voc\u00eas v\u00e3o ver que tem muita coisa. A \u00fanica diferen\u00e7a \u00e9 que eu fazia minha reuni\u00e3o religiosa em casa. Agora, eu estou saindo de casa e indo para a igreja. Esta \u00e9 a \u00fanica diferen\u00e7a<\/em>\u201d, explicou.<\/p>\n<p>A cantora frequenta uma igreja evang\u00e9lica no Rio de Janeiro, onde foi vista em uma igreja na zona oeste da cidade. Segundo o jornal Extra, a cantora que estava de cara limpa (sem maquiagem), cantava muitos hinos conhecidos e se emocionava bastante.<\/p>\n<p>No culto, em uma igreja Assembleia de Deus, Joelma cantou m\u00fasicas de\u00a0<strong><a href=\"https:\/\/guiame.com.br\/musica\/nacional\/cassiane-lanca-clipe-de-arma-secreta-o-primeiro-single-de-seu-novo-album.html\">Cassiane<\/a><\/strong>, \u201cSinta Ele A\u00ed\u201d e do\u00a0Minist\u00e9rio Ardendo em Fogo, \u201cSe eu adorar\u201d.<\/p>\n<p>FONTE: GUIAME, COM INFORMA\u00c7\u00d5ES DA TV FOCO E TV FAMA<\/p>\n","protected":false},"excerpt":{"rendered":"<p>Ao ser questionada sobre uma futura carreira gospel, a cantora\u00a0Joelma, disse em entrevista para o programa TV Fama, da Rede TV! na segunda-feira (11), que canta m\u00fasicas evang\u00e9licas h\u00e1 muitos anos e que tem sentimentos e emo\u00e7\u00f5es especiais quando cana hinos. \u201cEu canto hinos de louvor h\u00e1 18 anos. A diferen\u00e7a \u00e9 que hoje canto [&hellip;]<\/p>\n","protected":false},"author":2,"featured_media":2639,"comment_status":"open","ping_status":"open","sticky":false,"template":"","format":"standard","meta":[],"categories":[2,5,6],"tags":[],"_links":{"self":[{"href":"https:\/\/dgospel.com.br\/portal\/index.php\/wp-json\/wp\/v2\/posts\/2638"}],"collection":[{"href":"https:\/\/dgospel.com.br\/portal\/index.php\/wp-json\/wp\/v2\/posts"}],"about":[{"href":"https:\/\/dgospel.com.br\/portal\/index.php\/wp-json\/wp\/v2\/types\/post"}],"author":[{"embeddable":true,"href":"https:\/\/dgospel.com.br\/portal\/index.php\/wp-json\/wp\/v2\/users\/2"}],"replies":[{"embeddable":true,"href":"https:\/\/dgospel.com.br\/portal\/index.php\/wp-json\/wp\/v2\/comments?post=2638"}],"version-history":[{"count":1,"href":"https:\/\/dgospel.com.br\/portal\/index.php\/wp-json\/wp\/v2\/posts\/2638\/revisions"}],"predecessor-version":[{"id":2640,"href":"https:\/\/dgospel.com.br\/portal\/index.php\/wp-json\/wp\/v2\/posts\/2638\/revisions\/2640"}],"wp:featuredmedia":[{"embeddable":true,"href":"https:\/\/dgospel.com.br\/portal\/index.php\/wp-json\/wp\/v2\/media\/2639"}],"wp:attachment":[{"href":"https:\/\/dgospel.com.br\/portal\/index.php\/wp-json\/wp\/v2\/media?parent=2638"}],"wp:term":[{"taxonomy":"category","embeddable":true,"href":"https:\/\/dgospel.com.br\/portal\/index.php\/wp-json\/wp\/v2\/categories?post=2638"},{"taxonomy":"post_tag","embeddable":true,"href":"https:\/\/dgospel.com.br\/portal\/index.php\/wp-json\/wp\/v2\/tags?post=2638"}],"curies":[{"name":"wp","href":"https:\/\/api.w.org\/{rel}","templated":true}]}}