{"id":264,"date":"2018-05-19T16:36:32","date_gmt":"2018-05-19T19:36:32","guid":{"rendered":"http:\/\/dgospel.com.br\/portal\/?p=264"},"modified":"2018-05-19T16:36:32","modified_gmt":"2018-05-19T19:36:32","slug":"cerca-de-18-lideres-cristaos-de-cuba-morreram-em-acidente-de-aviao","status":"publish","type":"post","link":"https:\/\/dgospel.com.br\/portal\/index.php\/2018\/05\/19\/cerca-de-18-lideres-cristaos-de-cuba-morreram-em-acidente-de-aviao\/","title":{"rendered":"Cerca de 18 l\u00edderes crist\u00e3os de Cuba morreram em acidente de avi\u00e3o"},"content":{"rendered":"<p>Um avi\u00e3o com cerca de 113 pessoas a bordo, entre passageiros e tripula\u00e7\u00e3o, caiu nesta sexta-feira (18) perto de Havana, Cuba, deixando mais de 100 pessoas mortas, incluindo 18 l\u00edderes crist\u00e3os, pastores e suas esposas.<\/p>\n<p>A CBN News confirmou atrav\u00e9s do Conselho de Igrejas de Cuba que os l\u00edderes evang\u00e9licos eram da Igreja do Nazareno. Eles estavam viajando de volta para o leste de Cuba, depois de terem participado de um retiro espiritual.<\/p>\n<p>&#8220;Eles estavam deixando um evento no semin\u00e1rio evang\u00e9lico El Nazareno e estavam retornando \u00e0 sua prov\u00edncia na regi\u00e3o leste&#8221;, disse Maite Quesada, do Conselho de Igrejas de Cuba, \u00e0 CBN News.<\/p>\n<p>O diretor da regi\u00e3o da Igreja do Nazareno da Mesoam\u00e9rica, Carlos S\u00e1enz, tamb\u00e9m confirmou a not\u00edcia da morte dos pastores. &#8220;Deixe toda a fam\u00edlia da Igreja do Nazareno se unir em ora\u00e7\u00e3o em nome de nossos irm\u00e3os e irm\u00e3s&#8221;, disse Saenz.<\/p>\n<p><strong>Estado cr\u00edtico<\/strong><\/p>\n<p>O avi\u00e3o comercial Boeing 737, alugado da empresa mexicana Global Air, propriet\u00e1ria da Aerol\u00edneas Damojh, caiu minutos depois de decolar do Aeroporto Internacional Jos\u00e9 Mart\u00ed, em Havana, em dire\u00e7\u00e3o \u00e0 cidade de Holgu\u00edn, no extremo leste da ilha.<\/p>\n<p>As autoridades afirmam que existem tr\u00eas mulheres sobreviventes, hospitalizadas e em estado cr\u00edtico. &#8220;Parece que h\u00e1 um grande n\u00famero de v\u00edtimas&#8221;, disse o presidente cubano, Miguel Diaz-Canel.<\/p>\n<p>Ele visitou o local do incidente, onde uma enorme coluna de fuma\u00e7a foi levantada, segundo o El Pa\u00eds. O presidente disse que a possibilidade de sobreviventes n\u00e3o \u00e9 promissora. &#8220;Em nome do governo cubano, lamentamos o fato e nos unimos \u00e0s condol\u00eancias das fam\u00edlias&#8221;, acrescentou o presidente.<\/p>\n<p>FONTE: GUIAME, COM INFORMA\u00c7\u00d5ES DA CBN NEWS<\/p>\n","protected":false},"excerpt":{"rendered":"<p>Um avi\u00e3o com cerca de 113 pessoas a bordo, entre passageiros e tripula\u00e7\u00e3o, caiu nesta sexta-feira (18) perto de Havana, Cuba, deixando mais de 100 pessoas mortas, incluindo 18 l\u00edderes crist\u00e3os, pastores e suas esposas. A CBN News confirmou atrav\u00e9s do Conselho de Igrejas de Cuba que os l\u00edderes evang\u00e9licos eram da Igreja do Nazareno. [&hellip;]<\/p>\n","protected":false},"author":2,"featured_media":265,"comment_status":"open","ping_status":"open","sticky":false,"template":"","format":"standard","meta":[],"categories":[2,10,5],"tags":[],"_links":{"self":[{"href":"https:\/\/dgospel.com.br\/portal\/index.php\/wp-json\/wp\/v2\/posts\/264"}],"collection":[{"href":"https:\/\/dgospel.com.br\/portal\/index.php\/wp-json\/wp\/v2\/posts"}],"about":[{"href":"https:\/\/dgospel.com.br\/portal\/index.php\/wp-json\/wp\/v2\/types\/post"}],"author":[{"embeddable":true,"href":"https:\/\/dgospel.com.br\/portal\/index.php\/wp-json\/wp\/v2\/users\/2"}],"replies":[{"embeddable":true,"href":"https:\/\/dgospel.com.br\/portal\/index.php\/wp-json\/wp\/v2\/comments?post=264"}],"version-history":[{"count":1,"href":"https:\/\/dgospel.com.br\/portal\/index.php\/wp-json\/wp\/v2\/posts\/264\/revisions"}],"predecessor-version":[{"id":266,"href":"https:\/\/dgospel.com.br\/portal\/index.php\/wp-json\/wp\/v2\/posts\/264\/revisions\/266"}],"wp:featuredmedia":[{"embeddable":true,"href":"https:\/\/dgospel.com.br\/portal\/index.php\/wp-json\/wp\/v2\/media\/265"}],"wp:attachment":[{"href":"https:\/\/dgospel.com.br\/portal\/index.php\/wp-json\/wp\/v2\/media?parent=264"}],"wp:term":[{"taxonomy":"category","embeddable":true,"href":"https:\/\/dgospel.com.br\/portal\/index.php\/wp-json\/wp\/v2\/categories?post=264"},{"taxonomy":"post_tag","embeddable":true,"href":"https:\/\/dgospel.com.br\/portal\/index.php\/wp-json\/wp\/v2\/tags?post=264"}],"curies":[{"name":"wp","href":"https:\/\/api.w.org\/{rel}","templated":true}]}}