{"id":2644,"date":"2019-02-15T01:25:39","date_gmt":"2019-02-15T03:25:39","guid":{"rendered":"http:\/\/dgospel.com.br\/portal\/?p=2644"},"modified":"2019-02-15T01:25:39","modified_gmt":"2019-02-15T03:25:39","slug":"prefeitura-anuncia-atracoes-para-as-cinco-noites-do-capital-da-fe-2019","status":"publish","type":"post","link":"https:\/\/dgospel.com.br\/portal\/index.php\/2019\/02\/15\/prefeitura-anuncia-atracoes-para-as-cinco-noites-do-capital-da-fe-2019\/","title":{"rendered":"Prefeitura anuncia atra\u00e7\u00f5es para as cinco noites do Capital da F\u00e9 2019"},"content":{"rendered":"<p>Com a tem\u00e1tica \u2013 A favor da vida, a prefeita de Palmas, Cinthia Ribeiro, anunciou as atra\u00e7\u00f5es do Capital da F\u00e9 2019, e mais uma vez a Prefeitura de Palmas, por meio da Ag\u00eancia Municipal de Turismo (Agtur), traz grandes nomes da m\u00fasica religiosa, como Pe. Ant\u00f4nio Maria, Pe. F\u00e1bio de Melo, Bruna Karla, Anderson Freire, Gabriela Rocha, Damares, Aline Barros, dentre outros grandes nomes da m\u00fasica gospel nacional. E, neste ano, a festa come\u00e7a na sexta-feira, 1\u00ba, e vai at\u00e9 ter\u00e7a, 05 de mar\u00e7o, na arena da Vila Ol\u00edmpica ao lado do Est\u00e1dio Nilton Santos.<\/p>\n<p>&nbsp;<\/p>\n<p>Embaladas ao ritmo da m\u00fasica crist\u00e3 contempor\u00e2nea,\u00a0<em>pop rock<\/em>, sertanejo,\u00a0<em>black music<\/em>, MPB,\u00a0<em>rap<\/em>, ax\u00e9 e arrocha, ser\u00e3o transmitidas mensagens de louvor, adora\u00e7\u00e3o e renova\u00e7\u00e3o da f\u00e9, e valoriza\u00e7\u00e3o da fam\u00edlia. As apresenta\u00e7\u00f5es iniciar\u00e3o sempre \u00e0s 20 horas, exceto na ter\u00e7a-feira, 05, que iniciar\u00e1 \u00e0s 19 horas.\u00a0 As apresenta\u00e7\u00f5es nacionais, que atraem o maior n\u00famero de p\u00fablico subir\u00e3o ao palco ap\u00f3s \u00e0s 22 horas. Esse compromisso foi firmado pelo presidente da Ag\u00eancia Municipal de Turismo, Eudes Assis, com os organizadores dos eventos evang\u00e9licos e cat\u00f3licos, para que os jovens tanto possam participar dos congressos, quanto do Capital da F\u00e9.<\/p>\n<p>&nbsp;<\/p>\n<p>Para facilitar a organiza\u00e7\u00e3o e revezamento das bandas, ser\u00e3o instalados dois palcos interligados. O circuito tamb\u00e9m contar\u00e1 com a Vila Gastron\u00f4mica, com 40 estandes de comida, divididos em dois t\u00faneis com 20 em cada lado, al\u00e9m de estandes para venda de artigos religiosos, 10 espa\u00e7os cobertos com tendas para food trucks, al\u00e9m de 10 espa\u00e7os distribu\u00eddos em todo o circuito, com autoriza\u00e7\u00e3o para venda de churros, pipocas, algod\u00e3o doce e bebidas enlatada. Fora do circuito ser\u00e3o montadas mais 30 tendas 3&#215;3, para ambulantes cadastrados pela Secretaria de Desenvolvimento Econ\u00f4mico de Palmas \u2013 Seden. Em todos os espa\u00e7os do evento, n\u00e3o ser\u00e1 permitida a venda de bebida alco\u00f3lica.<\/p>\n<p>&nbsp;<\/p>\n<p>O presidente da Ag\u00eancia Municipal de Turismo, Eudes Assis, destaca que a escolha das atra\u00e7\u00f5es levou em conta a opini\u00e3o dos representantes das religi\u00f5es cat\u00f3licas e evang\u00e9licas da cidade. \u201cOs seguimentos que trabalhamos no Capital da F\u00e9 foram escolhidas com essas pessoas que n\u00f3s entendemos que vivem no dia a dia com esses grupos religiosos, pois o nosso objetivo \u00e9 trazer mais pessoas a nossa cidade, a fim de gerar desenvolvimento econ\u00f4mico por meio do turismo\u201d, ressaltou Assis.<\/p>\n<p>&nbsp;<\/p>\n<p>De acordo com a prefeita Cinthia Ribeiro, a gest\u00e3o vem trabalhando arduamente para que o evento venha a ser uma grande refer\u00eancia para todo o Brasil, o que j\u00e1 acontece na regi\u00e3o Norte. &#8220;Tradicional evento do calend\u00e1rio anual da Capital, o Palmas Capital da F\u00e9 se consolidou como uma das refer\u00eancias para fam\u00edlias n\u00e3o s\u00f3 de nossa cidade, bem como do interior do Tocantins, mas de v\u00e1rias partes do Brasil. \u00c9 lindo ver que nossa cidade\u00a0atrai pessoas de muitos lugares para vivenciar esta energia positiva que Palmas irradia neste per\u00edodo, sendo um dos principais atrativos da regi\u00e3o Norte do Pa\u00eds.&#8221;<\/p>\n<p>&nbsp;<\/p>\n<p>A gestora ainda ressalta que este \u00e9 um evento voltado para as fam\u00edlias, e que este ano ser\u00e1 ainda mais especial. &#8220;Neste ano a nossa expectativa \u00e9 a melhor poss\u00edvel de propiciar a todos que nos prestigiarem momentos de alegria, divers\u00e3o, paz, f\u00e9 e uni\u00e3o entre crian\u00e7as, jovens, adultos e idosos. Tenho a convic\u00e7\u00e3o que a edi\u00e7\u00e3o deste ano marcar\u00e1 Palmas.&#8221;<\/p>\n<p><strong>\u00a0<\/strong><\/p>\n<p><strong>\u00a0<\/strong><\/p>\n<p><strong>Atra\u00e7\u00f5es Art\u00edsticas<\/strong><\/p>\n<p><strong>\u00a0<\/strong><\/p>\n<p><strong>\u00a0<\/strong><\/p>\n<p><strong>Sexta-feira, 01<\/strong><\/p>\n<p>Banda Exaltemos<\/p>\n<p>Pe. Antonio Maria<\/p>\n<p>Gabriela Rocha<\/p>\n<p>Dunga<\/p>\n<p>Bruna Karla<\/p>\n<p><strong>\u00a0<\/strong><\/p>\n<p><strong>S\u00e1bado, 02<\/strong><\/p>\n<p>Rubens Uchoa<\/p>\n<p>Diego Fernandes<\/p>\n<p>Livres<\/p>\n<p>Eros Biondini<\/p>\n<p>Damares<\/p>\n<p><strong>\u00a0<\/strong><\/p>\n<p><strong>Domingo, 03<\/strong><\/p>\n<p>Rosilene Martins<\/p>\n<p>Gil Monteiro<\/p>\n<p>Sandro Nazireu<\/p>\n<p>Anderson Freire<\/p>\n<p><strong>\u00a0<\/strong><\/p>\n<p><strong>Segunda-feira, 04<\/strong><\/p>\n<p>Pe. Ed. Reis<\/p>\n<p>Ir Ana Paula<\/p>\n<p>Eliana Ribeiro<\/p>\n<p>Pe. F\u00e1bio de Melo<\/p>\n<p>Jake Trevisan<\/p>\n<p><strong>\u00a0<\/strong><\/p>\n<p><strong>Ter\u00e7a-feira, 05<\/strong><\/p>\n<p>D\u00e9bora<\/p>\n<p>Apresenta\u00e7\u00e3o de Fhash Mob<\/p>\n<p>Luiza Ara\u00fajo<\/p>\n<p>Kemuel<\/p>\n<p>Pregador Luo<\/p>\n<p>Aline Barros<\/p>\n<p>&nbsp;<\/p>\n","protected":false},"excerpt":{"rendered":"<p>Com a tem\u00e1tica \u2013 A favor da vida, a prefeita de Palmas, Cinthia Ribeiro, anunciou as atra\u00e7\u00f5es do Capital da F\u00e9 2019, e mais uma vez a Prefeitura de Palmas, por meio da Ag\u00eancia Municipal de Turismo (Agtur), traz grandes nomes da m\u00fasica religiosa, como Pe. Ant\u00f4nio Maria, Pe. F\u00e1bio de Melo, Bruna Karla, Anderson [&hellip;]<\/p>\n","protected":false},"author":2,"featured_media":2645,"comment_status":"open","ping_status":"open","sticky":false,"template":"","format":"standard","meta":[],"categories":[2,5],"tags":[],"_links":{"self":[{"href":"https:\/\/dgospel.com.br\/portal\/index.php\/wp-json\/wp\/v2\/posts\/2644"}],"collection":[{"href":"https:\/\/dgospel.com.br\/portal\/index.php\/wp-json\/wp\/v2\/posts"}],"about":[{"href":"https:\/\/dgospel.com.br\/portal\/index.php\/wp-json\/wp\/v2\/types\/post"}],"author":[{"embeddable":true,"href":"https:\/\/dgospel.com.br\/portal\/index.php\/wp-json\/wp\/v2\/users\/2"}],"replies":[{"embeddable":true,"href":"https:\/\/dgospel.com.br\/portal\/index.php\/wp-json\/wp\/v2\/comments?post=2644"}],"version-history":[{"count":1,"href":"https:\/\/dgospel.com.br\/portal\/index.php\/wp-json\/wp\/v2\/posts\/2644\/revisions"}],"predecessor-version":[{"id":2646,"href":"https:\/\/dgospel.com.br\/portal\/index.php\/wp-json\/wp\/v2\/posts\/2644\/revisions\/2646"}],"wp:featuredmedia":[{"embeddable":true,"href":"https:\/\/dgospel.com.br\/portal\/index.php\/wp-json\/wp\/v2\/media\/2645"}],"wp:attachment":[{"href":"https:\/\/dgospel.com.br\/portal\/index.php\/wp-json\/wp\/v2\/media?parent=2644"}],"wp:term":[{"taxonomy":"category","embeddable":true,"href":"https:\/\/dgospel.com.br\/portal\/index.php\/wp-json\/wp\/v2\/categories?post=2644"},{"taxonomy":"post_tag","embeddable":true,"href":"https:\/\/dgospel.com.br\/portal\/index.php\/wp-json\/wp\/v2\/tags?post=2644"}],"curies":[{"name":"wp","href":"https:\/\/api.w.org\/{rel}","templated":true}]}}