{"id":2647,"date":"2019-02-15T17:18:00","date_gmt":"2019-02-15T19:18:00","guid":{"rendered":"http:\/\/dgospel.com.br\/portal\/?p=2647"},"modified":"2019-02-15T17:18:00","modified_gmt":"2019-02-15T19:18:00","slug":"estado-registra-aumento-alarmante-de-casos-provaveis-de-doencas-transmitidas-pelo-aedes-aegypti","status":"publish","type":"post","link":"https:\/\/dgospel.com.br\/portal\/index.php\/2019\/02\/15\/estado-registra-aumento-alarmante-de-casos-provaveis-de-doencas-transmitidas-pelo-aedes-aegypti\/","title":{"rendered":"Estado registra aumento alarmante de casos prov\u00e1veis de doen\u00e7as transmitidas pelo Aedes aegypti"},"content":{"rendered":"<p>O monitoramento realizado pela Secretaria de Estado da Sa\u00fade (SES-TO) apontou um aumento alarmante dos casos de dengue, zika e chikungunya. Considerando o n\u00famero de casos prov\u00e1veis de dengue, em um comparativo com o mesmo per\u00edodo do ano de 2018, ocorreu um acr\u00e9scimo de 1.657,7%, com 3.867 casos em 2019 contra 220 em 2018.<\/p>\n<p>Neste ano, 32 munic\u00edpios j\u00e1 confirmaram casos de dengue no Tocantins, ocorrendo um aumento de 385,7%, com 855 casos em 2019, contra 176 em 2018. Existem seis \u00f3bitos em investiga\u00e7\u00e3o com sintomas da doen\u00e7a.<\/p>\n<p>A notifica\u00e7\u00e3o de casos prov\u00e1veis de chikungunya aumentou de 654,8%, com 203 casos em 2019 contra 31 em 2018. J\u00e1 nos casos confirmados, houve uma queda de 83, 3,%, passando de 10 para dois casos, com uma investiga\u00e7\u00e3o de \u00f3bito.<\/p>\n<p>At\u00e9 o momento, cinco munic\u00edpios (Aragua\u00edna, Gurupi, Monte do Carmo, Para\u00edso e Porto Nacional) confirmaram casos de zika no Estado, com 11 confirma\u00e7\u00f5es at\u00e9 agora, um aumento de 37,5% com rela\u00e7\u00e3o a 2018. J\u00e1 os casos prov\u00e1veis\u00a0tiveram um acr\u00e9scimo de 3.709% em compara\u00e7\u00e3o com ano passado, com 419 casos em 2019 em rela\u00e7\u00e3o a 11 em 2018.<\/p>\n<p>O bi\u00f3logo em Sa\u00fade e gerente de Vigil\u00e2ncia das Arboviroses, Evesson Farias de Oliveira, explica a maneira mais adequada para evitar as doen\u00e7as transmitidas pelo\u00a0<em>Aedes<\/em>\u00a0e complica\u00e7\u00f5es quando se fala de dengue. \u201cA forma mais eficaz de evitar o agravamento dos pacientes \u00e9 o diagn\u00f3stico oportuno e o atendimento adequado diante de um caso suspeito. Esta \u00faltima a\u00e7\u00e3o se d\u00e1, principalmente, dentro das unidades de sa\u00fade em todo o estado. Agora, para o controle do mosquito\u00a0a melhor estrat\u00e9gia \u00e9\u00a0a fiscaliza\u00e7\u00e3o de im\u00f3vel a im\u00f3vel, pois as resid\u00eancias respondem por 80% dos focos encontrados e, dessa forma, a popula\u00e7\u00e3o acaba sendo a principal respons\u00e1vel e parceira\u00a0pelo enfrentamento ao mosquito\u201d, afirmou.<\/p>\n<p><strong>A\u00e7\u00f5es contra o mosquito<\/strong><\/p>\n<p>O Governo, por meio da Secretaria da Sa\u00fade (SES-TO), tem monitorado intensivamente a situa\u00e7\u00e3o epidemiol\u00f3gica das doen\u00e7as transmitidas pelo\u00a0<em>Aedes aegypti<\/em>\u00a0nos \u00faltimos anos, e, com o aumento no n\u00famero de casos, est\u00e1 disponibilizando carros fumac\u00ea para\u00a0aplica\u00e7\u00e3o do inseticida Ultra Baixo Volume (UBV) pesado, conhecido como fumac\u00ea, nas regi\u00f5es com alto \u00edndice da circula\u00e7\u00e3o viral nos munic\u00edpios de Palmas (dois\u00a0ve\u00edculos) e Porto Nacional (tr\u00eas ve\u00edculos). Esta \u00e9 mais uma medida de preven\u00e7\u00e3o que deve ser somada a elimina\u00e7\u00e3o de criadouros dentro dos im\u00f3veis.<\/p>\n<p>A Ger\u00eancia de Vigil\u00e2ncia das Arboviroses da SES tamb\u00e9m est\u00e1 realizando a\u00e7\u00f5es com os demais \u00f3rg\u00e3os do Governo e parceiros. Nesta quinta-feira, 15, foi realizada uma videoconfer\u00eancia, com representantes da Sala Nacional de Coordena\u00e7\u00e3o e Controle para o Combate ao Aedes (SNCC) do Minist\u00e9rio da Sa\u00fade, onde foram discutidas atividades para 2019, considerando o atual cen\u00e1rio epidemiol\u00f3gico e entomol\u00f3gico no Estado, e a necessidade de realiza\u00e7\u00e3o urgente de a\u00e7\u00f5es integradas, cont\u00ednuas e estrat\u00e9gicas com envio de alertas sobre o per\u00edodo epid\u00eamico e solicita\u00e7\u00e3o da ado\u00e7\u00e3o das a\u00e7\u00f5es preconizadas no que se refere \u00e0 vigil\u00e2ncia de casos, controle vetorial e mobiliza\u00e7\u00e3o social; monitoramento da realiza\u00e7\u00e3o dos ciclos de visitas dos agentes de endemias no combate ao\u00a0<em>Aedes<\/em>; incentivo \u00e0 mobiliza\u00e7\u00e3o social pelos munic\u00edpios com apoio da Sala Estadual de Coordena\u00e7\u00e3o e Controle para o Combate ao Aedes (SECC-TO), dentre outras iniciativas.<\/p>\n<p><strong>Sintomas<\/strong><\/p>\n<p>Dengue &#8211;\u00a0Febre alta &gt; 38.5\u00b0C; dores musculares intensas; dor de cabe\u00e7a; dor ao movimentar os olhos;\u00a0e\u00a0manchas vermelhas pelo corpo.<\/p>\n<p>Chikungunya &#8211;\u00a0Febre alta; dores intensas nas articula\u00e7\u00f5es; inflama\u00e7\u00f5es nas articula\u00e7\u00f5es;\u00a0e dores no corpo.<\/p>\n<p>Zika-\u00a0\u201cVermelh\u00e3o\u201d\u00a0em todo o corpo com muita\u00a0\u201ccoceira\u201d;\u00a0febre baixa,\u00a0muitas vezes n\u00e3o sentida; olhos vermelhos sem secre\u00e7\u00e3o;\u00a0e\u00a0dores nas articula\u00e7\u00f5es (mais brandas do que ns chikungunya).<\/p>\n","protected":false},"excerpt":{"rendered":"<p>O monitoramento realizado pela Secretaria de Estado da Sa\u00fade (SES-TO) apontou um aumento alarmante dos casos de dengue, zika e chikungunya. Considerando o n\u00famero de casos prov\u00e1veis de dengue, em um comparativo com o mesmo per\u00edodo do ano de 2018, ocorreu um acr\u00e9scimo de 1.657,7%, com 3.867 casos em 2019 contra 220 em 2018. Neste [&hellip;]<\/p>\n","protected":false},"author":2,"featured_media":2648,"comment_status":"open","ping_status":"open","sticky":false,"template":"","format":"standard","meta":[],"categories":[2,3],"tags":[],"_links":{"self":[{"href":"https:\/\/dgospel.com.br\/portal\/index.php\/wp-json\/wp\/v2\/posts\/2647"}],"collection":[{"href":"https:\/\/dgospel.com.br\/portal\/index.php\/wp-json\/wp\/v2\/posts"}],"about":[{"href":"https:\/\/dgospel.com.br\/portal\/index.php\/wp-json\/wp\/v2\/types\/post"}],"author":[{"embeddable":true,"href":"https:\/\/dgospel.com.br\/portal\/index.php\/wp-json\/wp\/v2\/users\/2"}],"replies":[{"embeddable":true,"href":"https:\/\/dgospel.com.br\/portal\/index.php\/wp-json\/wp\/v2\/comments?post=2647"}],"version-history":[{"count":1,"href":"https:\/\/dgospel.com.br\/portal\/index.php\/wp-json\/wp\/v2\/posts\/2647\/revisions"}],"predecessor-version":[{"id":2649,"href":"https:\/\/dgospel.com.br\/portal\/index.php\/wp-json\/wp\/v2\/posts\/2647\/revisions\/2649"}],"wp:featuredmedia":[{"embeddable":true,"href":"https:\/\/dgospel.com.br\/portal\/index.php\/wp-json\/wp\/v2\/media\/2648"}],"wp:attachment":[{"href":"https:\/\/dgospel.com.br\/portal\/index.php\/wp-json\/wp\/v2\/media?parent=2647"}],"wp:term":[{"taxonomy":"category","embeddable":true,"href":"https:\/\/dgospel.com.br\/portal\/index.php\/wp-json\/wp\/v2\/categories?post=2647"},{"taxonomy":"post_tag","embeddable":true,"href":"https:\/\/dgospel.com.br\/portal\/index.php\/wp-json\/wp\/v2\/tags?post=2647"}],"curies":[{"name":"wp","href":"https:\/\/api.w.org\/{rel}","templated":true}]}}