{"id":2650,"date":"2019-02-15T17:22:18","date_gmt":"2019-02-15T19:22:18","guid":{"rendered":"http:\/\/dgospel.com.br\/portal\/?p=2650"},"modified":"2019-02-15T17:22:18","modified_gmt":"2019-02-15T19:22:18","slug":"em-audiencia-com-ministro-governo-do-tocantins-discute-retomada-de-obras-e-convenios-para-a-educacao","status":"publish","type":"post","link":"https:\/\/dgospel.com.br\/portal\/index.php\/2019\/02\/15\/em-audiencia-com-ministro-governo-do-tocantins-discute-retomada-de-obras-e-convenios-para-a-educacao\/","title":{"rendered":"Em audi\u00eancia com ministro, Governo do Tocantins discute retomada de obras e conv\u00eanios para a Educa\u00e7\u00e3o"},"content":{"rendered":"<div class=\"container margin-top\">\n<div class=\"row\">\n<div class=\"col-sm-10\">\n<div id=\"conteudo\" class=\"row\">\n<div class=\"col-lg-9\">\n<article>\n<div>\n<p>Importantes a\u00e7\u00f5es e projetos da Educa\u00e7\u00e3o no Tocantins foram discutidos entre o Governo do Estado, o Minist\u00e9rio da Educa\u00e7\u00e3o (MEC) e o Fundo Nacional de Desenvolvimento da Educa\u00e7\u00e3o (FNDE), nessa quinta-feira, 14, em Bras\u00edlia (DF). Em uma audi\u00eancia com a participa\u00e7\u00e3o do governador Mauro Carlesse;\u00a0do ministro da Educa\u00e7\u00e3o, Ricardo V\u00e9lez;\u00a0e do presidente do FNDE, Carlos Alberto Decotelli; a secret\u00e1ria de Estado da Educa\u00e7\u00e3o, Juventude e Esportes, Adriana Aguiar; apresentou uma s\u00e9rie de pautas relevantes para o Tocantins, como a retomada de obras e conv\u00eanios.<\/p>\n<p>Dentre as demandas, o Tocantins buscou prorroga\u00e7\u00e3o de prazos de conv\u00eanios para garantir, por exemplo, a retomada e a conclus\u00e3o de obras das Escolas de Tempo Integral (ETIs), iniciadas h\u00e1 cerca de seis anos; a retomada\/conclus\u00e3o de constru\u00e7\u00e3o de coberturas de quadras escolares; a pactua\u00e7\u00e3o de novos conv\u00eanios entre o Minist\u00e9rio e a Seduc para constru\u00e7\u00e3o de centros profissionalizantes e de forma\u00e7\u00e3o de professores.<\/p>\n<p>Al\u00e9m disso, foram discutidas quest\u00f5es t\u00e9cnicas relacionadas ao Sistema de Informa\u00e7\u00e3o sobre Or\u00e7amentos P\u00fablicos em Educa\u00e7\u00e3o, com foco em melhorar o tr\u00e2nsito de informa\u00e7\u00f5es.<\/p>\n<p>&#8220;Nesta audi\u00eancia, buscamos com o MEC e o FNDE garantir que o Tocantins tenha condi\u00e7\u00f5es de executar obras primordiais para a melhoria da educa\u00e7\u00e3o. Na sua maioria, s\u00e3o obras iniciadas h\u00e1 anos, cujos conv\u00eanios venceram ou est\u00e3o com prazos muito curtos para que esta gest\u00e3o tenha tempo h\u00e1bil de realizar. Nosso principal prop\u00f3sito \u00e9 retomar, executar e entregar estas obras para a popula\u00e7\u00e3o. Melhorar a Educa\u00e7\u00e3o \u00e9 um compromisso e estamos buscando todas as alternativas vi\u00e1veis para cumprir&#8221;, destacou Adriana Aguiar.<\/p>\n<p>Conforme o governador Mauro Carlesse, a audi\u00eancia visou tamb\u00e9m consolidar o di\u00e1logo entre as esferas estadual e federal. &#8220;Precisamos fortalecer o di\u00e1logo com o governo Federal e garantir os recursos para retomar as obras paradas. A popula\u00e7\u00e3o est\u00e1 aguardando a conclus\u00e3o das obras e esse \u00e9 nosso objetivo. Vamos atuar forte para logo entregar as escolas para o nosso povo&#8221;, disse o governador.<\/p>\n<p>Al\u00e9m do ministro, a reuni\u00e3o teve a presen\u00e7a do secret\u00e1rio executivo do MEC, Luiz Antonio Tozi; e da secret\u00e1ria nacional de Educa\u00e7\u00e3o, Tania Leme. A comitiva do Tocantins na audi\u00eancia contou com a participa\u00e7\u00e3o dos secret\u00e1rios Renato de Assun\u00e7\u00e3o, da Infraestrutura; e Sandro Henrique Armando, da Fazenda; do\u00a0subsecret\u00e1rio do Planejamento, Sergislei Silva Moura e do contador-geral, Maur\u00edcio Louren\u00e7o.<\/p>\n<\/div>\n<\/article>\n<\/div>\n<div class=\"col-lg-3\">\n<h4><\/h4>\n<\/div>\n<\/div>\n<\/div>\n<\/div>\n<\/div>\n","protected":false},"excerpt":{"rendered":"<p>Importantes a\u00e7\u00f5es e projetos da Educa\u00e7\u00e3o no Tocantins foram discutidos entre o Governo do Estado, o Minist\u00e9rio da Educa\u00e7\u00e3o (MEC) e o Fundo Nacional de Desenvolvimento da Educa\u00e7\u00e3o (FNDE), nessa quinta-feira, 14, em Bras\u00edlia (DF). Em uma audi\u00eancia com a participa\u00e7\u00e3o do governador Mauro Carlesse;\u00a0do ministro da Educa\u00e7\u00e3o, Ricardo V\u00e9lez;\u00a0e do presidente do FNDE, Carlos [&hellip;]<\/p>\n","protected":false},"author":2,"featured_media":2651,"comment_status":"open","ping_status":"open","sticky":false,"template":"","format":"standard","meta":[],"categories":[2,4],"tags":[],"_links":{"self":[{"href":"https:\/\/dgospel.com.br\/portal\/index.php\/wp-json\/wp\/v2\/posts\/2650"}],"collection":[{"href":"https:\/\/dgospel.com.br\/portal\/index.php\/wp-json\/wp\/v2\/posts"}],"about":[{"href":"https:\/\/dgospel.com.br\/portal\/index.php\/wp-json\/wp\/v2\/types\/post"}],"author":[{"embeddable":true,"href":"https:\/\/dgospel.com.br\/portal\/index.php\/wp-json\/wp\/v2\/users\/2"}],"replies":[{"embeddable":true,"href":"https:\/\/dgospel.com.br\/portal\/index.php\/wp-json\/wp\/v2\/comments?post=2650"}],"version-history":[{"count":1,"href":"https:\/\/dgospel.com.br\/portal\/index.php\/wp-json\/wp\/v2\/posts\/2650\/revisions"}],"predecessor-version":[{"id":2652,"href":"https:\/\/dgospel.com.br\/portal\/index.php\/wp-json\/wp\/v2\/posts\/2650\/revisions\/2652"}],"wp:featuredmedia":[{"embeddable":true,"href":"https:\/\/dgospel.com.br\/portal\/index.php\/wp-json\/wp\/v2\/media\/2651"}],"wp:attachment":[{"href":"https:\/\/dgospel.com.br\/portal\/index.php\/wp-json\/wp\/v2\/media?parent=2650"}],"wp:term":[{"taxonomy":"category","embeddable":true,"href":"https:\/\/dgospel.com.br\/portal\/index.php\/wp-json\/wp\/v2\/categories?post=2650"},{"taxonomy":"post_tag","embeddable":true,"href":"https:\/\/dgospel.com.br\/portal\/index.php\/wp-json\/wp\/v2\/tags?post=2650"}],"curies":[{"name":"wp","href":"https:\/\/api.w.org\/{rel}","templated":true}]}}