{"id":2653,"date":"2019-02-15T17:47:59","date_gmt":"2019-02-15T19:47:59","guid":{"rendered":"http:\/\/dgospel.com.br\/portal\/?p=2653"},"modified":"2019-02-15T17:47:59","modified_gmt":"2019-02-15T19:47:59","slug":"apos-reacao-de-vereadores-cee-retira-artigos-sobre-ideologia-de-genero-do-documento-curricular-da-educacao-infantil-e-fundamental-no-tocantins","status":"publish","type":"post","link":"https:\/\/dgospel.com.br\/portal\/index.php\/2019\/02\/15\/apos-reacao-de-vereadores-cee-retira-artigos-sobre-ideologia-de-genero-do-documento-curricular-da-educacao-infantil-e-fundamental-no-tocantins\/","title":{"rendered":"Ap\u00f3s rea\u00e7\u00e3o de vereadores, CEE retira artigos sobre ideologia de g\u00eanero do documento curricular da educa\u00e7\u00e3o infantil e fundamental no Tocantins"},"content":{"rendered":"<p>O Conselho Estadual de Educa\u00e7\u00e3o (CEE) anunciou nesta quinta-feira, 14, que encaminhar\u00e1 ao Executivo uma altera\u00e7\u00e3o \u00e0 resolu\u00e7\u00e3o\u00a0que trata do documento curricular da educa\u00e7\u00e3o infantil e do ensino fundamental no Tocantins. A mudan\u00e7a acontece ap\u00f3s a rea\u00e7\u00e3o negativa de vereadores de Palmas, Gurupi e Aragua\u00edna ao dispositivo que estabelecia a elabora\u00e7\u00e3o de normas espec\u00edficas sobre orienta\u00e7\u00e3o sexual e identidade de g\u00eanero.<\/p>\n<p>Em nota, o CEE afirma que o colegiado decidiu por \u201caltera\u00e7\u00f5es no texto e supress\u00e3o de artigos\u201d. \u201cEm consenso, o conselho priorizou as discuss\u00f5es consideradas relevantes para a educa\u00e7\u00e3o, encerrando distra\u00e7\u00f5es de cunho pol\u00edtico ou ideol\u00f3gico que possam vir a dificultar a implementa\u00e7\u00e3o das importantes a\u00e7\u00f5es e estrat\u00e9gias para o desenvolvimento da Educa\u00e7\u00e3o, que de fato o Documento prop\u00f5e\u201d, discorre.<\/p>\n<p>\u201cO conselho lamenta que determinados termos inseridos no contexto do documento tenham gerado interpreta\u00e7\u00f5es equivocadas, deturpando o objetivo proposto por estudiosos e especialistas da \u00e1rea da educa\u00e7\u00e3o que debru\u00e7aram para concretizar este ato normativo\u201d, acrescentou ainda.<\/p>\n<p><strong>Leia abaixo a \u00edntegra da nota:<\/strong><\/p>\n<p><em>\u201cNOTA DO CONSELHO ESTADUAL DE EDUCA\u00c7\u00c3O<\/em><\/p>\n<p><em>Assunto: Altera\u00e7\u00e3o da Resolu\u00e7\u00e3o n. 235<\/em><\/p>\n<p><em>O Conselho Estadual de Educa\u00e7\u00e3o (CEE), em Reuni\u00e3o Colegiada Extraordin\u00e1ria, realizada na noite desta quarta-feira, 13, \u00a0decidiu pela altera\u00e7\u00e3o da Resolu\u00e7\u00e3o n\u00ba 235, de 30 de novembro de 2018, que disp\u00f5e sobre a aprova\u00e7\u00e3o do Documento Curricular do Territ\u00f3rio do Tocantins para a Educa\u00e7\u00e3o Infantil e o Ensino Fundamental, publicada na \u00faltima segunda-feira, 11.<\/em><\/p>\n<p><em>A decis\u00e3o do Colegiado estabeleceu altera\u00e7\u00f5es no texto e supress\u00e3o de artigos da referida Resolu\u00e7\u00e3o. Em consenso, o Conselho priorizou as discuss\u00f5es consideradas relevantes para a educa\u00e7\u00e3o, encerrando distra\u00e7\u00f5es de cunho pol\u00edtico ou ideol\u00f3gico que possam vir a dificultar a implementa\u00e7\u00e3o das importantes a\u00e7\u00f5es e estrat\u00e9gias para o desenvolvimento da Educa\u00e7\u00e3o, que de fato o Documento prop\u00f5e.<\/em><\/p>\n","protected":false},"excerpt":{"rendered":"<p>O Conselho Estadual de Educa\u00e7\u00e3o (CEE) anunciou nesta quinta-feira, 14, que encaminhar\u00e1 ao Executivo uma altera\u00e7\u00e3o \u00e0 resolu\u00e7\u00e3o\u00a0que trata do documento curricular da educa\u00e7\u00e3o infantil e do ensino fundamental no Tocantins. A mudan\u00e7a acontece ap\u00f3s a rea\u00e7\u00e3o negativa de vereadores de Palmas, Gurupi e Aragua\u00edna ao dispositivo que estabelecia a elabora\u00e7\u00e3o de normas espec\u00edficas sobre [&hellip;]<\/p>\n","protected":false},"author":2,"featured_media":2654,"comment_status":"open","ping_status":"open","sticky":false,"template":"","format":"standard","meta":[],"categories":[2,3],"tags":[],"_links":{"self":[{"href":"https:\/\/dgospel.com.br\/portal\/index.php\/wp-json\/wp\/v2\/posts\/2653"}],"collection":[{"href":"https:\/\/dgospel.com.br\/portal\/index.php\/wp-json\/wp\/v2\/posts"}],"about":[{"href":"https:\/\/dgospel.com.br\/portal\/index.php\/wp-json\/wp\/v2\/types\/post"}],"author":[{"embeddable":true,"href":"https:\/\/dgospel.com.br\/portal\/index.php\/wp-json\/wp\/v2\/users\/2"}],"replies":[{"embeddable":true,"href":"https:\/\/dgospel.com.br\/portal\/index.php\/wp-json\/wp\/v2\/comments?post=2653"}],"version-history":[{"count":1,"href":"https:\/\/dgospel.com.br\/portal\/index.php\/wp-json\/wp\/v2\/posts\/2653\/revisions"}],"predecessor-version":[{"id":2655,"href":"https:\/\/dgospel.com.br\/portal\/index.php\/wp-json\/wp\/v2\/posts\/2653\/revisions\/2655"}],"wp:featuredmedia":[{"embeddable":true,"href":"https:\/\/dgospel.com.br\/portal\/index.php\/wp-json\/wp\/v2\/media\/2654"}],"wp:attachment":[{"href":"https:\/\/dgospel.com.br\/portal\/index.php\/wp-json\/wp\/v2\/media?parent=2653"}],"wp:term":[{"taxonomy":"category","embeddable":true,"href":"https:\/\/dgospel.com.br\/portal\/index.php\/wp-json\/wp\/v2\/categories?post=2653"},{"taxonomy":"post_tag","embeddable":true,"href":"https:\/\/dgospel.com.br\/portal\/index.php\/wp-json\/wp\/v2\/tags?post=2653"}],"curies":[{"name":"wp","href":"https:\/\/api.w.org\/{rel}","templated":true}]}}