{"id":2662,"date":"2019-02-18T20:43:16","date_gmt":"2019-02-18T23:43:16","guid":{"rendered":"http:\/\/dgospel.com.br\/portal\/?p=2662"},"modified":"2019-02-18T20:43:16","modified_gmt":"2019-02-18T23:43:16","slug":"vice-governador-wanderlei-barbosa-recebe-representantes-das-apaes-do-tocantins","status":"publish","type":"post","link":"https:\/\/dgospel.com.br\/portal\/index.php\/2019\/02\/18\/vice-governador-wanderlei-barbosa-recebe-representantes-das-apaes-do-tocantins\/","title":{"rendered":"Vice-governador Wanderlei Barbosa recebe representantes das Apaes do Tocantins"},"content":{"rendered":"<p>O vice-governador do Estado, Wanderlei Barbosa, recebeu, na manh\u00e3 desta segunda-feira, 18, no Pal\u00e1cio Araguaia, representantes das Associa\u00e7\u00e3o de Pais e Amigos dos Excepcionais do Tocantins (Apaes).<\/p>\n<p>De acordo com a presidente da Federa\u00e7\u00e3o das Apaes do Tocantins, Marciane Machado Silva, a audi\u00eancia foi para apresentar, ao vice-governador, algumas reivindica\u00e7\u00f5es da entidade, como sa\u00fade, educa\u00e7\u00e3o, infraestrutura e assist\u00eancia social, al\u00e9m da amplia\u00e7\u00e3o de conv\u00eanios de gest\u00e3o compartilhada, este em parceria com a Secretaria de Estado da Educa\u00e7\u00e3o, Juventude e Esporte (Seduc); a Secretaria de Estado do Trabalho e do Desenvolvimento Social (Setas) e a Secretaria de Estado da Sa\u00fade (SES). Atualmente, 25 Apaes possuem este conv\u00eanio.<\/p>\n<p>A presidente destacou que o Governo do Estado tem sido o fator determinante para o avan\u00e7o das conquistas das Apaes. \u201cPrecisamos avan\u00e7ar mais para que os benef\u00edcios sociais tamb\u00e9m possam chegar \u00e0queles que ainda n\u00e3o foram contemplados com as pol\u00edticas p\u00fablicas governamentais\u201d, disse.<\/p>\n<p>O vice-governador ouviu atentamente cada representante e se comprometeu a levar as demandas ao governador Mauro Carlesse, para que equipes t\u00e9cnicas do governo possam analisar e atender as prioridades das Associa\u00e7\u00f5es dentro da capacidade econ\u00f4mica do Estado. \u201cTenho respeito e admira\u00e7\u00e3o pelos colaboradores das Apaes, faremos um enorme esfor\u00e7o para atender \u00e0s demandas e avan\u00e7armos nas pol\u00edticas p\u00fablicas para as pessoas com defici\u00eancia\u201d, afirmou.<\/p>\n<p>Estavam presentes na reuni\u00e3o a presidente da Federa\u00e7\u00e3o das Apaes do Estado do Tocantins e representantes das Apaes de Para\u00edso do Tocantins, Aragua\u00edna, Colmeia, Miracema, Lagoa do Tocantins, Pedro Afonso, Dois Irm\u00e3os, Barrol\u00e2ndia e Palmas.<\/p>\n","protected":false},"excerpt":{"rendered":"<p>O vice-governador do Estado, Wanderlei Barbosa, recebeu, na manh\u00e3 desta segunda-feira, 18, no Pal\u00e1cio Araguaia, representantes das Associa\u00e7\u00e3o de Pais e Amigos dos Excepcionais do Tocantins (Apaes). De acordo com a presidente da Federa\u00e7\u00e3o das Apaes do Tocantins, Marciane Machado Silva, a audi\u00eancia foi para apresentar, ao vice-governador, algumas reivindica\u00e7\u00f5es da entidade, como sa\u00fade, educa\u00e7\u00e3o, [&hellip;]<\/p>\n","protected":false},"author":2,"featured_media":2663,"comment_status":"open","ping_status":"open","sticky":false,"template":"","format":"standard","meta":[],"categories":[2,4],"tags":[],"_links":{"self":[{"href":"https:\/\/dgospel.com.br\/portal\/index.php\/wp-json\/wp\/v2\/posts\/2662"}],"collection":[{"href":"https:\/\/dgospel.com.br\/portal\/index.php\/wp-json\/wp\/v2\/posts"}],"about":[{"href":"https:\/\/dgospel.com.br\/portal\/index.php\/wp-json\/wp\/v2\/types\/post"}],"author":[{"embeddable":true,"href":"https:\/\/dgospel.com.br\/portal\/index.php\/wp-json\/wp\/v2\/users\/2"}],"replies":[{"embeddable":true,"href":"https:\/\/dgospel.com.br\/portal\/index.php\/wp-json\/wp\/v2\/comments?post=2662"}],"version-history":[{"count":1,"href":"https:\/\/dgospel.com.br\/portal\/index.php\/wp-json\/wp\/v2\/posts\/2662\/revisions"}],"predecessor-version":[{"id":2664,"href":"https:\/\/dgospel.com.br\/portal\/index.php\/wp-json\/wp\/v2\/posts\/2662\/revisions\/2664"}],"wp:featuredmedia":[{"embeddable":true,"href":"https:\/\/dgospel.com.br\/portal\/index.php\/wp-json\/wp\/v2\/media\/2663"}],"wp:attachment":[{"href":"https:\/\/dgospel.com.br\/portal\/index.php\/wp-json\/wp\/v2\/media?parent=2662"}],"wp:term":[{"taxonomy":"category","embeddable":true,"href":"https:\/\/dgospel.com.br\/portal\/index.php\/wp-json\/wp\/v2\/categories?post=2662"},{"taxonomy":"post_tag","embeddable":true,"href":"https:\/\/dgospel.com.br\/portal\/index.php\/wp-json\/wp\/v2\/tags?post=2662"}],"curies":[{"name":"wp","href":"https:\/\/api.w.org\/{rel}","templated":true}]}}