{"id":2665,"date":"2019-02-20T00:39:24","date_gmt":"2019-02-20T03:39:24","guid":{"rendered":"http:\/\/dgospel.com.br\/portal\/?p=2665"},"modified":"2019-02-20T00:39:24","modified_gmt":"2019-02-20T03:39:24","slug":"medida-do-governo-busca-ampliar-rede-de-atendimento-do-plansaude","status":"publish","type":"post","link":"https:\/\/dgospel.com.br\/portal\/index.php\/2019\/02\/20\/medida-do-governo-busca-ampliar-rede-de-atendimento-do-plansaude\/","title":{"rendered":"Medida do Governo busca ampliar rede de atendimento do Plansa\u00fade"},"content":{"rendered":"<p>Para a amplia\u00e7\u00e3o da rede de atendimento do Plansa\u00fade, a Secretaria de Estado da Administra\u00e7\u00e3o (Secad) publica, no Di\u00e1rio Oficial do Estado, desta ter\u00e7a-feira, 19, portaria que constitui comiss\u00e3o para elabora\u00e7\u00e3o do edital que vai permitir o credenciamento de novos prestadores de servi\u00e7o.<\/p>\n<p>A iniciativa faz parte de um cronograma de a\u00e7\u00f5es que buscam melhorias para o atendimento do Plansa\u00fade. A comiss\u00e3o, formada por servidores da Secad, ser\u00e1 respons\u00e1vel por elaborar os termos de refer\u00eancia que v\u00e3o nortear o processo de credenciamento. A inten\u00e7\u00e3o \u00e9 indicar as condi\u00e7\u00f5es necess\u00e1rias para a ades\u00e3o, definindo as habilita\u00e7\u00f5es para pessoas f\u00edsicas e jur\u00eddicas, as obriga\u00e7\u00f5es do credenciado e do credenciante, bem como, os crit\u00e9rios de pagamentos.<\/p>\n<p>Segundo o diretor do Plansa\u00fade, M\u00e1rcio Bandeira, a partir da publica\u00e7\u00e3o do edital, os interessados dever\u00e3o apresentar a documenta\u00e7\u00e3o exigida para o credenciamento. \u201cAp\u00f3s isso, ser\u00e1 publicada uma lista de aptos e inaptos, para assinar o contrato de presta\u00e7\u00e3o de servi\u00e7os\u201d, explica.<\/p>\n","protected":false},"excerpt":{"rendered":"<p>Para a amplia\u00e7\u00e3o da rede de atendimento do Plansa\u00fade, a Secretaria de Estado da Administra\u00e7\u00e3o (Secad) publica, no Di\u00e1rio Oficial do Estado, desta ter\u00e7a-feira, 19, portaria que constitui comiss\u00e3o para elabora\u00e7\u00e3o do edital que vai permitir o credenciamento de novos prestadores de servi\u00e7o. A iniciativa faz parte de um cronograma de a\u00e7\u00f5es que buscam melhorias [&hellip;]<\/p>\n","protected":false},"author":2,"featured_media":2666,"comment_status":"open","ping_status":"open","sticky":false,"template":"","format":"standard","meta":[],"categories":[2,3],"tags":[],"_links":{"self":[{"href":"https:\/\/dgospel.com.br\/portal\/index.php\/wp-json\/wp\/v2\/posts\/2665"}],"collection":[{"href":"https:\/\/dgospel.com.br\/portal\/index.php\/wp-json\/wp\/v2\/posts"}],"about":[{"href":"https:\/\/dgospel.com.br\/portal\/index.php\/wp-json\/wp\/v2\/types\/post"}],"author":[{"embeddable":true,"href":"https:\/\/dgospel.com.br\/portal\/index.php\/wp-json\/wp\/v2\/users\/2"}],"replies":[{"embeddable":true,"href":"https:\/\/dgospel.com.br\/portal\/index.php\/wp-json\/wp\/v2\/comments?post=2665"}],"version-history":[{"count":1,"href":"https:\/\/dgospel.com.br\/portal\/index.php\/wp-json\/wp\/v2\/posts\/2665\/revisions"}],"predecessor-version":[{"id":2667,"href":"https:\/\/dgospel.com.br\/portal\/index.php\/wp-json\/wp\/v2\/posts\/2665\/revisions\/2667"}],"wp:featuredmedia":[{"embeddable":true,"href":"https:\/\/dgospel.com.br\/portal\/index.php\/wp-json\/wp\/v2\/media\/2666"}],"wp:attachment":[{"href":"https:\/\/dgospel.com.br\/portal\/index.php\/wp-json\/wp\/v2\/media?parent=2665"}],"wp:term":[{"taxonomy":"category","embeddable":true,"href":"https:\/\/dgospel.com.br\/portal\/index.php\/wp-json\/wp\/v2\/categories?post=2665"},{"taxonomy":"post_tag","embeddable":true,"href":"https:\/\/dgospel.com.br\/portal\/index.php\/wp-json\/wp\/v2\/tags?post=2665"}],"curies":[{"name":"wp","href":"https:\/\/api.w.org\/{rel}","templated":true}]}}