{"id":2668,"date":"2019-02-20T00:41:09","date_gmt":"2019-02-20T03:41:09","guid":{"rendered":"http:\/\/dgospel.com.br\/portal\/?p=2668"},"modified":"2019-02-20T00:41:09","modified_gmt":"2019-02-20T03:41:09","slug":"governo-reforca-dialogo-com-sindicatos-e-entidades-representativas-dos-servidores-publicos-estaduais","status":"publish","type":"post","link":"https:\/\/dgospel.com.br\/portal\/index.php\/2019\/02\/20\/governo-reforca-dialogo-com-sindicatos-e-entidades-representativas-dos-servidores-publicos-estaduais\/","title":{"rendered":"Governo refor\u00e7a di\u00e1logo com sindicatos e entidades representativas dos servidores p\u00fablicos estaduais"},"content":{"rendered":"<p>Em reuni\u00e3o com sindicatos e entidades representativas dos servidores p\u00fablicos estaduais, realizada nesta ter\u00e7a-feira, 19, o secret\u00e1rio de Estado da Administra\u00e7\u00e3o, Edson Cabral, comprometeu-se em\u00a0levar para discuss\u00e3o, no Governo\u00a0e na Assembleia, as propostas de mudan\u00e7a, apresentadas pelas entidades.<\/p>\n<p>O secret\u00e1rio saiu da reuni\u00e3o extremamente otimista em rela\u00e7\u00e3o ao di\u00e1logo aberto com as entidades. \u201cFico feliz em ver, como consenso entre\u00a0n\u00f3s, que a situa\u00e7\u00e3o atual do Estado pede atitudes\u201d, disse, ao refor\u00e7ar a import\u00e2ncia do envolvimento e da contribui\u00e7\u00e3o dos servidores nas mudan\u00e7as propostas pelo Governo.<\/p>\n<p>Tamb\u00e9m ficou definido que o Governo vai redigir tr\u00eas minutas para a cria\u00e7\u00e3o de c\u00e2maras setoriais, com o\u00a0prop\u00f3sito\u00a0de\u00a0monitorar as medidas necess\u00e1rias para o enquadramento do Estado na Lei de Responsabilidade Fiscal (LRF), rediscutir os Planos de Cargos, Carreiras e Sal\u00e1rios das mais diversas categorias de servidores do Estado e tamb\u00e9m\u00a0encontrar solu\u00e7\u00f5es para os passivos existentes. Todas com a participa\u00e7\u00e3o de representantes das categorias.<\/p>\n<p>Sobre o prazo de 30 meses, previsto na Medida Provis\u00f3ria n\u00ba 2, suspendendo os reajustes e as progress\u00f5es, foi refor\u00e7ado que a MP j\u00e1 prev\u00ea a reavalia\u00e7\u00e3o e a redu\u00e7\u00e3o do mesmo, a qualquer tempo. Isso, caso a Secretaria de Estado da Fazenda e Planejamento venha a demonstrar dados que comprovem a recupera\u00e7\u00e3o da capacidade econ\u00f4mico-financeira do Estado, bem como o enquadramento do Tocantins no limite prudencial de gastos com pessoal, de que trata a LRF. Para tanto, h\u00e1 uma c\u00e2mara setorial espec\u00edfica voltada para o monitoramento do comportamento da Receita Corrente L\u00edquida x Despesa Corrente L\u00edquida.<\/p>\n","protected":false},"excerpt":{"rendered":"<p>Em reuni\u00e3o com sindicatos e entidades representativas dos servidores p\u00fablicos estaduais, realizada nesta ter\u00e7a-feira, 19, o secret\u00e1rio de Estado da Administra\u00e7\u00e3o, Edson Cabral, comprometeu-se em\u00a0levar para discuss\u00e3o, no Governo\u00a0e na Assembleia, as propostas de mudan\u00e7a, apresentadas pelas entidades. O secret\u00e1rio saiu da reuni\u00e3o extremamente otimista em rela\u00e7\u00e3o ao di\u00e1logo aberto com as entidades. \u201cFico feliz [&hellip;]<\/p>\n","protected":false},"author":2,"featured_media":2669,"comment_status":"open","ping_status":"open","sticky":false,"template":"","format":"standard","meta":[],"categories":[2,4],"tags":[],"_links":{"self":[{"href":"https:\/\/dgospel.com.br\/portal\/index.php\/wp-json\/wp\/v2\/posts\/2668"}],"collection":[{"href":"https:\/\/dgospel.com.br\/portal\/index.php\/wp-json\/wp\/v2\/posts"}],"about":[{"href":"https:\/\/dgospel.com.br\/portal\/index.php\/wp-json\/wp\/v2\/types\/post"}],"author":[{"embeddable":true,"href":"https:\/\/dgospel.com.br\/portal\/index.php\/wp-json\/wp\/v2\/users\/2"}],"replies":[{"embeddable":true,"href":"https:\/\/dgospel.com.br\/portal\/index.php\/wp-json\/wp\/v2\/comments?post=2668"}],"version-history":[{"count":1,"href":"https:\/\/dgospel.com.br\/portal\/index.php\/wp-json\/wp\/v2\/posts\/2668\/revisions"}],"predecessor-version":[{"id":2670,"href":"https:\/\/dgospel.com.br\/portal\/index.php\/wp-json\/wp\/v2\/posts\/2668\/revisions\/2670"}],"wp:featuredmedia":[{"embeddable":true,"href":"https:\/\/dgospel.com.br\/portal\/index.php\/wp-json\/wp\/v2\/media\/2669"}],"wp:attachment":[{"href":"https:\/\/dgospel.com.br\/portal\/index.php\/wp-json\/wp\/v2\/media?parent=2668"}],"wp:term":[{"taxonomy":"category","embeddable":true,"href":"https:\/\/dgospel.com.br\/portal\/index.php\/wp-json\/wp\/v2\/categories?post=2668"},{"taxonomy":"post_tag","embeddable":true,"href":"https:\/\/dgospel.com.br\/portal\/index.php\/wp-json\/wp\/v2\/tags?post=2668"}],"curies":[{"name":"wp","href":"https:\/\/api.w.org\/{rel}","templated":true}]}}