{"id":267,"date":"2018-05-21T09:01:16","date_gmt":"2018-05-21T12:01:16","guid":{"rendered":"http:\/\/dgospel.com.br\/portal\/?p=267"},"modified":"2018-05-21T09:01:16","modified_gmt":"2018-05-21T12:01:16","slug":"psol-formalizara-nome-de-melque-aires-como-candidato-a-vice-governador-de-mario-lucio","status":"publish","type":"post","link":"https:\/\/dgospel.com.br\/portal\/index.php\/2018\/05\/21\/psol-formalizara-nome-de-melque-aires-como-candidato-a-vice-governador-de-mario-lucio\/","title":{"rendered":"Psol formalizar\u00e1 nome de Melque Aires como candidato a vice-governador de M\u00e1rio L\u00facio"},"content":{"rendered":"<p>O Psol formalizar\u00e1 junto ao Tribunal Regional Eleitoral (TRE) o nome de Melque Aires (Psol) a candidato na chapa de M\u00e1rio L\u00facio (Psol) ao Governo do Tocantins na elei\u00e7\u00e3o suplementar. A decis\u00e3o ocorre, ap\u00f3s a Justi\u00e7a Eleitoral negar o registro do candidato a vice na chapa, Mayst Maia (Psol), em raz\u00e3o da falta de descompatibiliza\u00e7\u00e3o do cargo de professor na rede p\u00fablica de ensino no per\u00edodo previsto na legisla\u00e7\u00e3o.<\/p>\n<p>Melque Aires \u00e9 te\u00f3logo e empres\u00e1rio. \u00c9 natural do munic\u00edpio de Brejinho de Nazar\u00e9 (TO). Iniciou sua carreira p\u00fablica em 1998, como secret\u00e1rio de Governo da Prefeitura de Palmas. Em 2002, assumiu uma das cadeiras de vereador da Capital. J\u00e1 ocupou os cargos de presidente do Prodivino\/Banco do Empreendedor (BEM), quando implantou o microcr\u00e9dito aos empres\u00e1rios tocantinenses; vice-presidente do Naturatins; e subsecret\u00e1rio de Governo no Executivo estadual.<\/p>\n<p>\u201cRecebi o convite do partido e do M\u00e1rio L\u00facio e aceitei por querer servir ao nosso povo do Tocantins. Eu j\u00e1 tenho v\u00e1rios servi\u00e7os prestados pelo nosso estado, sou pioneiro da cria\u00e7\u00e3o de Palmas e do Tocantins. Acredito que a forma mais f\u00e1cil de ajudar o meu semelhante \u00e9 na pol\u00edtica. Ent\u00e3o, resolvi aceitar esse convite e com certeza vamos ter uma campanha vitoriosa\u201d, disse Melque Aires.<\/p>\n<p>J\u00e1 Mario L\u00facio, afirmou lamentar a sa\u00edda do professor Mayst, mas disse que Melque Aires tamb\u00e9m tem hist\u00f3ria no Tocantins. O candidato aproveitou tamb\u00e9m para tranquilizar os eleitores sobre a decis\u00e3o do TRE que entendeu que ele s\u00f3 pode ser candidato se deixar o Minist\u00e9rio P\u00fablico Federal (MPF) em definitivo e garantiu que a candidatura est\u00e1 de p\u00e9. \u201cEstamos na disputa e iremos at\u00e9 \u00e0s \u00faltimas inst\u00e2ncias da Justi\u00e7a para garantir o nosso direito que participar da vida pol\u00edtica\u201d, concluiu.<\/p>\n<p>&nbsp;<\/p>\n","protected":false},"excerpt":{"rendered":"<p>O Psol formalizar\u00e1 junto ao Tribunal Regional Eleitoral (TRE) o nome de Melque Aires (Psol) a candidato na chapa de M\u00e1rio L\u00facio (Psol) ao Governo do Tocantins na elei\u00e7\u00e3o suplementar. A decis\u00e3o ocorre, ap\u00f3s a Justi\u00e7a Eleitoral negar o registro do candidato a vice na chapa, Mayst Maia (Psol), em raz\u00e3o da falta de descompatibiliza\u00e7\u00e3o [&hellip;]<\/p>\n","protected":false},"author":2,"featured_media":268,"comment_status":"open","ping_status":"open","sticky":false,"template":"","format":"standard","meta":[],"categories":[2,4],"tags":[],"_links":{"self":[{"href":"https:\/\/dgospel.com.br\/portal\/index.php\/wp-json\/wp\/v2\/posts\/267"}],"collection":[{"href":"https:\/\/dgospel.com.br\/portal\/index.php\/wp-json\/wp\/v2\/posts"}],"about":[{"href":"https:\/\/dgospel.com.br\/portal\/index.php\/wp-json\/wp\/v2\/types\/post"}],"author":[{"embeddable":true,"href":"https:\/\/dgospel.com.br\/portal\/index.php\/wp-json\/wp\/v2\/users\/2"}],"replies":[{"embeddable":true,"href":"https:\/\/dgospel.com.br\/portal\/index.php\/wp-json\/wp\/v2\/comments?post=267"}],"version-history":[{"count":1,"href":"https:\/\/dgospel.com.br\/portal\/index.php\/wp-json\/wp\/v2\/posts\/267\/revisions"}],"predecessor-version":[{"id":269,"href":"https:\/\/dgospel.com.br\/portal\/index.php\/wp-json\/wp\/v2\/posts\/267\/revisions\/269"}],"wp:featuredmedia":[{"embeddable":true,"href":"https:\/\/dgospel.com.br\/portal\/index.php\/wp-json\/wp\/v2\/media\/268"}],"wp:attachment":[{"href":"https:\/\/dgospel.com.br\/portal\/index.php\/wp-json\/wp\/v2\/media?parent=267"}],"wp:term":[{"taxonomy":"category","embeddable":true,"href":"https:\/\/dgospel.com.br\/portal\/index.php\/wp-json\/wp\/v2\/categories?post=267"},{"taxonomy":"post_tag","embeddable":true,"href":"https:\/\/dgospel.com.br\/portal\/index.php\/wp-json\/wp\/v2\/tags?post=267"}],"curies":[{"name":"wp","href":"https:\/\/api.w.org\/{rel}","templated":true}]}}