{"id":2671,"date":"2019-02-20T09:30:15","date_gmt":"2019-02-20T12:30:15","guid":{"rendered":"http:\/\/dgospel.com.br\/portal\/?p=2671"},"modified":"2019-02-20T09:30:15","modified_gmt":"2019-02-20T12:30:15","slug":"aberto-periodo-de-credenciamento-da-imprensa-para-capital-da-fe-2019","status":"publish","type":"post","link":"https:\/\/dgospel.com.br\/portal\/index.php\/2019\/02\/20\/aberto-periodo-de-credenciamento-da-imprensa-para-capital-da-fe-2019\/","title":{"rendered":"Aberto per\u00edodo de credenciamento da imprensa para Capital da F\u00e9 2019"},"content":{"rendered":"<p class=\"yiv6571936976MsoNormal\">A Ag\u00eancia de Turismo (Agtur) informa que j\u00e1 est\u00e1 aberto o credenciamento exclusivo para imprensa destinado \u00e0 cobertura do Palmas Capital da F\u00e9 2019, evento que ser\u00e1 realizado pela Prefeitura em Palmas, de 1\u00ba a 05 de mar\u00e7o, com artistas nacionais e regionais.<\/p>\n<p class=\"yiv6571936976MsoNormal\">O credenciamento ser\u00e1 feito para jornalistas interessados em ter acesso ao camarim e a camarotes privados. Lembrando que \u00e9 por tempo determinado pela assessoria, n\u00e3o sendo permitida a perman\u00eancia cont\u00ednua neste local. Nas demais \u00e1reas do circuito, o acesso \u00e9 livre.<\/p>\n<p class=\"yiv6571936976MsoNormal\">A Agtur tamb\u00e9m informa que o credenciamento ser\u00e1 encerrado nesta ter\u00e7a-feira, 26, \u00e0s 18 horas, e as credenciais dever\u00e3o ser entregues apenas na tarde desta quinta-feira, 28, na sede Agtur, no Centro de Conven\u00e7\u00f5es Arnould Rodrigues. Os ve\u00edculos interessados na cobertura do evento dever\u00e3o enviar solicita\u00e7\u00e3o para e-mail:\u00a0<a href=\"mailto:secompalmas@gmail.com\" target=\"_blank\" rel=\"nofollow noopener\">secompalmas@gmail.com<\/a>, contendo as seguintes informa\u00e7\u00f5es:<\/p>\n<p class=\"yiv6571936976MsoNormal\">Dados para o credenciamento:<\/p>\n<p class=\"yiv6571936976MsoNormal\">&#8211; Nome do ve\u00edculo; informar n\u00famero de pessoas a serem credenciadas (sites de not\u00edcias e cobertura \u2013 duas pessoas; ve\u00edculos impressos \u2013 duas pessoas\/ tvs \u2013 tr\u00eas pessoas);<\/p>\n<p class=\"yiv6571936976MsoNormal\">&#8211; Nome completo do profissional; RG; fun\u00e7\u00e3o (rep\u00f3rter, fot\u00f3grafo, cinegrafista);\u00a0<i>Email<\/i>\u00a0de cada profissional; telefone m\u00f3vel e fixo para contato. Em caso de ve\u00edculos\u00a0<i>online\u00a0<\/i>(site), favor enviar endere\u00e7o eletr\u00f4nico; Para os\u00a0<i>freelancers<\/i>\u00a0\u00e9 necess\u00e1rio um documento oficial, em papel timbrado, do ve\u00edculo para o qual cobrir\u00e3o o evento e o contato do editor respons\u00e1vel pela solicita\u00e7\u00e3o.<\/p>\n<p class=\"yiv6571936976MsoNormal\">Para mais informa\u00e7\u00f5es sobre entrevistas com os artistas, ou qualquer d\u00favida ou necessidade, basta entrar em contato com a assessoria de imprensa da programa\u00e7\u00e3o art\u00edstica do evento pelo\u00a0<i>email<\/i>:\u00a0<a href=\"mailto:secompalmas@gmail.com\" target=\"_blank\" rel=\"nofollow noopener\">secompalmas@gmail.com<\/a>\u00a0ou pelo telefone (63) 99281-5381. O credenciamento dever\u00e1 ser enviado apenas para o\u00a0<i>email<\/i>\u00a0citado acima.<\/p>\n<p class=\"yiv6571936976MsoNormal\">\n","protected":false},"excerpt":{"rendered":"<p>A Ag\u00eancia de Turismo (Agtur) informa que j\u00e1 est\u00e1 aberto o credenciamento exclusivo para imprensa destinado \u00e0 cobertura do Palmas Capital da F\u00e9 2019, evento que ser\u00e1 realizado pela Prefeitura em Palmas, de 1\u00ba a 05 de mar\u00e7o, com artistas nacionais e regionais. O credenciamento ser\u00e1 feito para jornalistas interessados em ter acesso ao camarim [&hellip;]<\/p>\n","protected":false},"author":2,"featured_media":2672,"comment_status":"open","ping_status":"open","sticky":false,"template":"","format":"standard","meta":[],"categories":[2,5],"tags":[],"_links":{"self":[{"href":"https:\/\/dgospel.com.br\/portal\/index.php\/wp-json\/wp\/v2\/posts\/2671"}],"collection":[{"href":"https:\/\/dgospel.com.br\/portal\/index.php\/wp-json\/wp\/v2\/posts"}],"about":[{"href":"https:\/\/dgospel.com.br\/portal\/index.php\/wp-json\/wp\/v2\/types\/post"}],"author":[{"embeddable":true,"href":"https:\/\/dgospel.com.br\/portal\/index.php\/wp-json\/wp\/v2\/users\/2"}],"replies":[{"embeddable":true,"href":"https:\/\/dgospel.com.br\/portal\/index.php\/wp-json\/wp\/v2\/comments?post=2671"}],"version-history":[{"count":1,"href":"https:\/\/dgospel.com.br\/portal\/index.php\/wp-json\/wp\/v2\/posts\/2671\/revisions"}],"predecessor-version":[{"id":2673,"href":"https:\/\/dgospel.com.br\/portal\/index.php\/wp-json\/wp\/v2\/posts\/2671\/revisions\/2673"}],"wp:featuredmedia":[{"embeddable":true,"href":"https:\/\/dgospel.com.br\/portal\/index.php\/wp-json\/wp\/v2\/media\/2672"}],"wp:attachment":[{"href":"https:\/\/dgospel.com.br\/portal\/index.php\/wp-json\/wp\/v2\/media?parent=2671"}],"wp:term":[{"taxonomy":"category","embeddable":true,"href":"https:\/\/dgospel.com.br\/portal\/index.php\/wp-json\/wp\/v2\/categories?post=2671"},{"taxonomy":"post_tag","embeddable":true,"href":"https:\/\/dgospel.com.br\/portal\/index.php\/wp-json\/wp\/v2\/tags?post=2671"}],"curies":[{"name":"wp","href":"https:\/\/api.w.org\/{rel}","templated":true}]}}