{"id":2677,"date":"2019-02-20T09:39:47","date_gmt":"2019-02-20T12:39:47","guid":{"rendered":"http:\/\/dgospel.com.br\/portal\/?p=2677"},"modified":"2019-02-20T09:39:47","modified_gmt":"2019-02-20T12:39:47","slug":"nomeados-membros-das-comissoes-tematicas-sobre-mulheres-e-juventude-na-assembleia-legislativa","status":"publish","type":"post","link":"https:\/\/dgospel.com.br\/portal\/index.php\/2019\/02\/20\/nomeados-membros-das-comissoes-tematicas-sobre-mulheres-e-juventude-na-assembleia-legislativa\/","title":{"rendered":"Nomeados membros das comiss\u00f5es tem\u00e1ticas sobre mulheres e juventude na Assembleia Legislativa"},"content":{"rendered":"<p>O ano de 2019 come\u00e7ou para duas comiss\u00f5es da Assembleia Legislativa\u00a0nesta ter\u00e7a-feira, 19. Os membros da Comiss\u00e3o de Direitos da Mulher\u00a0reuniram-se para eleger a deputada Am\u00e1lia Santana (PT) presidente e a\u00a0parlamentar Vanda Monteiro (PSL) vice. Tamb\u00e9m foram escolhidos dia e\u00a0hora das reuni\u00f5es: quintas-feiras, \u00e0s 16 horas.<\/p>\n<p>&nbsp;<\/p>\n<p>Mesmo procedimento tomou, em sequ\u00eancia, a Comiss\u00e3o de Acompanhamento e<\/p>\n<p>Estudo de Pol\u00edticas P\u00fablicas para a Juventude, que elegeu o deputado Leo\u00a0Barbosa (SD) presidente e o parlamentar Ricardo Ayres (PSB) vice. As\u00a0reuni\u00f5es devem acontecer \u00e0s 17 horas das quintas-feiras.<\/p>\n<p>&nbsp;<\/p>\n<p>Anteriormente os deputados j\u00e1 haviam definido os membros de outras seis\u00a0comiss\u00f5es: Sa\u00fade e Assist\u00eancia Social; Minas e Energia, Meio Ambiente e\u00a0Turismo; Constitui\u00e7\u00e3o, Justi\u00e7a e Reda\u00e7\u00e3o; Finan\u00e7as, Tributa\u00e7\u00e3o,\u00a0Fiscaliza\u00e7\u00e3o e Controle; Administra\u00e7\u00e3o, Trabalho, Defesa do Consumidor,\u00a0Transportes, Desenvolvimento Urbano e Servi\u00e7o P\u00fablico; e Educa\u00e7\u00e3o,<\/p>\n<p>Cultura e Desporto.<\/p>\n<p>&nbsp;<\/p>\n<p>Nos pr\u00f3ximos dias os parlamentares v\u00e3o definir os membros titulares e\u00a0suplentes das tr\u00eas \u00faltimas comiss\u00f5es: Desenvolvimento Rural,\u00a0Cooperativismo, Ci\u00eancia, Tecnologia e Economia; Cidadania e Direitos\u00a0Humanos; e Seguran\u00e7a P\u00fablica.<\/p>\n","protected":false},"excerpt":{"rendered":"<p>O ano de 2019 come\u00e7ou para duas comiss\u00f5es da Assembleia Legislativa\u00a0nesta ter\u00e7a-feira, 19. Os membros da Comiss\u00e3o de Direitos da Mulher\u00a0reuniram-se para eleger a deputada Am\u00e1lia Santana (PT) presidente e a\u00a0parlamentar Vanda Monteiro (PSL) vice. Tamb\u00e9m foram escolhidos dia e\u00a0hora das reuni\u00f5es: quintas-feiras, \u00e0s 16 horas. &nbsp; Mesmo procedimento tomou, em sequ\u00eancia, a Comiss\u00e3o de [&hellip;]<\/p>\n","protected":false},"author":2,"featured_media":2678,"comment_status":"open","ping_status":"open","sticky":false,"template":"","format":"standard","meta":[],"categories":[8,2,4],"tags":[],"_links":{"self":[{"href":"https:\/\/dgospel.com.br\/portal\/index.php\/wp-json\/wp\/v2\/posts\/2677"}],"collection":[{"href":"https:\/\/dgospel.com.br\/portal\/index.php\/wp-json\/wp\/v2\/posts"}],"about":[{"href":"https:\/\/dgospel.com.br\/portal\/index.php\/wp-json\/wp\/v2\/types\/post"}],"author":[{"embeddable":true,"href":"https:\/\/dgospel.com.br\/portal\/index.php\/wp-json\/wp\/v2\/users\/2"}],"replies":[{"embeddable":true,"href":"https:\/\/dgospel.com.br\/portal\/index.php\/wp-json\/wp\/v2\/comments?post=2677"}],"version-history":[{"count":1,"href":"https:\/\/dgospel.com.br\/portal\/index.php\/wp-json\/wp\/v2\/posts\/2677\/revisions"}],"predecessor-version":[{"id":2679,"href":"https:\/\/dgospel.com.br\/portal\/index.php\/wp-json\/wp\/v2\/posts\/2677\/revisions\/2679"}],"wp:featuredmedia":[{"embeddable":true,"href":"https:\/\/dgospel.com.br\/portal\/index.php\/wp-json\/wp\/v2\/media\/2678"}],"wp:attachment":[{"href":"https:\/\/dgospel.com.br\/portal\/index.php\/wp-json\/wp\/v2\/media?parent=2677"}],"wp:term":[{"taxonomy":"category","embeddable":true,"href":"https:\/\/dgospel.com.br\/portal\/index.php\/wp-json\/wp\/v2\/categories?post=2677"},{"taxonomy":"post_tag","embeddable":true,"href":"https:\/\/dgospel.com.br\/portal\/index.php\/wp-json\/wp\/v2\/tags?post=2677"}],"curies":[{"name":"wp","href":"https:\/\/api.w.org\/{rel}","templated":true}]}}