{"id":2680,"date":"2019-02-20T10:28:43","date_gmt":"2019-02-20T13:28:43","guid":{"rendered":"http:\/\/dgospel.com.br\/portal\/?p=2680"},"modified":"2019-02-20T10:28:43","modified_gmt":"2019-02-20T13:28:43","slug":"vereadores-defendem-realizacao-do-evento-palmas-capital-da-fe","status":"publish","type":"post","link":"https:\/\/dgospel.com.br\/portal\/index.php\/2019\/02\/20\/vereadores-defendem-realizacao-do-evento-palmas-capital-da-fe\/","title":{"rendered":"Vereadores defendem realiza\u00e7\u00e3o do evento Palmas Capital da F\u00e9"},"content":{"rendered":"<div class=\"\">\n<div id=\"content\">\n<div id=\"content-core\">\n<div id=\"parent-fieldname-text\" class=\"plain\">\n<p>Na sess\u00e3o de ter\u00e7a feira, 19, os vereadores se manifestaram a respeito do Palmas Capital da F\u00e9, evento promovido pela prefeitura de Palmas, e ressaltaram a import\u00e2ncia da fiscaliza\u00e7\u00e3o dos ambientes privados que disp\u00f5em de estrutura para promover suas pr\u00f3prias festas.<\/p>\n<p>O vereador Milton Neris (PP) destacou que \u00e9 necess\u00e1rio prezar pela legalidade nos estabelecimentos e que a fiscaliza\u00e7\u00e3o \u00e9 importante para que os participantes tenham seguran\u00e7a e desfrutem do momento de lazer. \u201cCaso aconte\u00e7a algum acidente nos estabelecimentos a responsabilidade \u00e9 do poder p\u00fablico. O importante \u00e9 que os empres\u00e1rios regularizem os locais e que a popula\u00e7\u00e3o tenha garantia de seguran\u00e7a\u201d, ressaltou.<\/p>\n<p>Al\u00e9m disso, Tiago Andrino (PSB) defendeu que o Palmas Capital da F\u00e9 \u00e9 refer\u00eancia entre os religiosos e incentiva o turismo. \u201cO evento \u00e9 um sucesso, re\u00fane grande n\u00famero de pessoas e promove a seguran\u00e7a dos participantes, pois n\u00e3o h\u00e1 venda de bebidas alco\u00f3licas, e diminui a ocorr\u00eancia de acidentes e mortes\u201d. Andrino chamou ainda aten\u00e7\u00e3o para o carnaval de rua de Taquaru\u00e7u, que j\u00e1 \u00e9 tradi\u00e7\u00e3o.\u00a0O vereador defende que sejam realizados os eventos nos estabelecimentos privados, de forma democr\u00e1tica, desde que estejam adequados \u00e0 legisla\u00e7\u00e3o.<\/p>\n<p>J\u00e1 o vereador Filipe Fernandes (DC) se manifestou contra as cr\u00edticas acerca da fiscaliza\u00e7\u00e3o da Prefeitura, visto que preju\u00edzos podem ocorrer para v\u00e1rias pessoas \u201cDefendo que tudo tem que ter a sua legalidade, porque se n\u00e3o os ambientes n\u00e3o ter\u00e3o responsabilidade em abrigar a quantidade certa de pessoas, correndo risco de acontecerem acidentes.\u201d finalizou Fernandes.<\/p>\n<p>O Palmas Capital da F\u00e9 est\u00e1 agendado para ocorrer de 1\u00ba a 5 de mar\u00e7o na Vila Ol\u00edmpica, ao lado do Est\u00e1dio Nilton Santos, em Palmas.<\/p>\n<\/div>\n<\/div>\n<div id=\"viewlet-below-content-body\">\n<div class=\"visualClear\"><\/div>\n<div class=\"documentActions\"><\/div>\n<\/div>\n<\/div>\n<\/div>\n<div id=\"viewlet-below-content\"><\/div>\n<aside id=\"column-two\">\n<div id=\"portletwrapper-706c6f6e652e7269676874636f6c756d6e0a636f6e746578740a2f706f7274616c0a6d69646961732d736f6369616973\" class=\"portletWrapper\" data-portlethash=\"706c6f6e652e7269676874636f6c756d6e0a636f6e746578740a2f706f7274616c0a6d69646961732d736f6369616973\">\n<dl class=\"portlet portletStaticText portlet-static-midias-sociais\">\n<dt class=\"portletHeader\">M\u00eddias Sociais<\/dt>\n<dd class=\"portletItem odd\">\n<div><a class=\"external-link\" title=\"Facebook\" href=\"https:\/\/www.facebook.com\/PalmasCM\/\" target=\"_blank\" rel=\"noopener\"><img class=\"image-inline\" title=\"Icones M\u00eddias Sociais - fb.png\" src=\"https:\/\/www.palmas.to.leg.br\/imagens\/icones-midias-sociais-fb.png\/@@images\/2b6d0691-66f4-4012-bf5a-5faa632dc73e.png\" alt=\"Icones M\u00eddias Sociais - fb.png\" \/>\u00a0<\/a><a class=\"external-link\" title=\"YouTube\" href=\"https:\/\/www.youtube.com\/channel\/UCWLi4SLKUXL_XlXynrdXnGA\" target=\"_blank\" rel=\"noopener\"><img class=\"image-inline\" title=\"Icones M\u00eddias Sociais - yt.png\" src=\"https:\/\/www.palmas.to.leg.br\/imagens\/icones-midias-sociais-yt.png\/@@images\/9b7e20da-e159-40de-a7bc-c112c88810ae.png\" alt=\"Icones M\u00eddias Sociais - yt.png\" \/>\u00a0<\/a><a class=\"external-link\" title=\"Twitter\" href=\"https:\/\/twitter.com\/cmpalmas\" target=\"_blank\" rel=\"noopener\"><img class=\"image-inline\" title=\"Icones M\u00eddias Sociais - tw.png\" src=\"https:\/\/www.palmas.to.leg.br\/imagens\/icones-midias-sociais-tw.png\/@@images\/b35345e2-8ac9-46f8-8f44-8ac1df1115a9.png\" alt=\"Icones M\u00eddias Sociais - tw.png\" \/><\/a><a class=\"external-link\" title=\"Instagram\" href=\"https:\/\/www.instagram.com\/cmpalmas\/\" target=\"_blank\" rel=\"noopener\"><img class=\"image-inline\" title=\"Icones M\u00eddias Sociais - ig.png\" src=\"https:\/\/www.palmas.to.leg.br\/imagens\/icones-midias-sociais-ig.png\/@@images\/50bf257b-d632-4d00-9558-753f97b60e7c.png\" alt=\"Icones M\u00eddias Sociais - ig.png\" \/><\/a><\/div>\n<\/dd>\n<\/dl>\n<\/div>\n<\/aside>\n","protected":false},"excerpt":{"rendered":"<p>Na sess\u00e3o de ter\u00e7a feira, 19, os vereadores se manifestaram a respeito do Palmas Capital da F\u00e9, evento promovido pela prefeitura de Palmas, e ressaltaram a import\u00e2ncia da fiscaliza\u00e7\u00e3o dos ambientes privados que disp\u00f5em de estrutura para promover suas pr\u00f3prias festas. O vereador Milton Neris (PP) destacou que \u00e9 necess\u00e1rio prezar pela legalidade nos estabelecimentos [&hellip;]<\/p>\n","protected":false},"author":2,"featured_media":2681,"comment_status":"open","ping_status":"open","sticky":false,"template":"","format":"standard","meta":[],"categories":[8,2,5],"tags":[],"_links":{"self":[{"href":"https:\/\/dgospel.com.br\/portal\/index.php\/wp-json\/wp\/v2\/posts\/2680"}],"collection":[{"href":"https:\/\/dgospel.com.br\/portal\/index.php\/wp-json\/wp\/v2\/posts"}],"about":[{"href":"https:\/\/dgospel.com.br\/portal\/index.php\/wp-json\/wp\/v2\/types\/post"}],"author":[{"embeddable":true,"href":"https:\/\/dgospel.com.br\/portal\/index.php\/wp-json\/wp\/v2\/users\/2"}],"replies":[{"embeddable":true,"href":"https:\/\/dgospel.com.br\/portal\/index.php\/wp-json\/wp\/v2\/comments?post=2680"}],"version-history":[{"count":1,"href":"https:\/\/dgospel.com.br\/portal\/index.php\/wp-json\/wp\/v2\/posts\/2680\/revisions"}],"predecessor-version":[{"id":2682,"href":"https:\/\/dgospel.com.br\/portal\/index.php\/wp-json\/wp\/v2\/posts\/2680\/revisions\/2682"}],"wp:featuredmedia":[{"embeddable":true,"href":"https:\/\/dgospel.com.br\/portal\/index.php\/wp-json\/wp\/v2\/media\/2681"}],"wp:attachment":[{"href":"https:\/\/dgospel.com.br\/portal\/index.php\/wp-json\/wp\/v2\/media?parent=2680"}],"wp:term":[{"taxonomy":"category","embeddable":true,"href":"https:\/\/dgospel.com.br\/portal\/index.php\/wp-json\/wp\/v2\/categories?post=2680"},{"taxonomy":"post_tag","embeddable":true,"href":"https:\/\/dgospel.com.br\/portal\/index.php\/wp-json\/wp\/v2\/tags?post=2680"}],"curies":[{"name":"wp","href":"https:\/\/api.w.org\/{rel}","templated":true}]}}