{"id":2686,"date":"2019-02-20T12:45:54","date_gmt":"2019-02-20T15:45:54","guid":{"rendered":"http:\/\/dgospel.com.br\/portal\/?p=2686"},"modified":"2019-02-20T12:45:54","modified_gmt":"2019-02-20T15:45:54","slug":"vereadores-cobram-da-prefeitura-de-palmas-solucoes-que-resolva-problemas-da-avenida-tocantins","status":"publish","type":"post","link":"https:\/\/dgospel.com.br\/portal\/index.php\/2019\/02\/20\/vereadores-cobram-da-prefeitura-de-palmas-solucoes-que-resolva-problemas-da-avenida-tocantins\/","title":{"rendered":"Vereadores cobram da Prefeitura de Palmas solu\u00e7\u00f5es que resolva problemas da Avenida Tocantins"},"content":{"rendered":"<p>Na sess\u00e3o de quarta-feira, 20, os vereadores usaram a tribuna da C\u00e2mara de Palmas, para cobrarem solu\u00e7\u00f5es da Prefeitura Municipal, quanto aos problemas da Avenida\u00a0 Tocantins. A revitaliza\u00e7\u00e3o que foi realizada n\u00e3o agaradou os comerciantes do entorno da via. Eles reclamam que as vendas dimimuiram muito depois das reformas. Os moradores da ar\u00e9a tamb\u00e9m tem protestado que a Avenida ficou muito estreita, dificultanto o fluxo dos \u00f4nibus, ve\u00edculos e pedestres que circulam na regi\u00e3o.<\/p>\n<p>O vereador Milton Neris (PP) afirmou que a gest\u00e3o passada trouxe grandes preju\u00edzos \u00e0 Avenida Tocantins, ap\u00f3s as mudan\u00e7as feitas no logradouro, que \u00e9 refer\u00eancia ao com\u00e9rcio varejista de Palmas. \u201cUm dos com\u00e9rcios mais fortes no varejo de vendas de produtos populares.Tudo isso foi prejudicado por uma proposta mal concebida, aus\u00eancia de projeto, decis\u00e3o monocr\u00e1tica, passando por cima de direitos de pessoas que n\u00e3o foram ouvidas\u201d disse.<\/p>\n<p>Sobre o mesmo tema, o vereador Rog\u00e9rio Freitas (MDB), cobrou atitude por parte do poder Executivo Municipal para resolver a quest\u00e3o. \u201cFaltou atitude da prefeitura para resolver o problema da avenida, mostrar que tem comando. Tem que ter uma resposta resolutiva para o problema da Avenida Tocantins, a maior geradora de emprego e renda da regi\u00e3o sul de Palmas. \u00c9 necess\u00e1rio de uma solu\u00e7\u00e3o definitiva\u201d cobrou o parlamentar.<\/p>\n<p>Por fim, a lider da prefeita na C\u00e2mara, vereadora Laudecy Coimbra (SD), destacou que existe uma proibi\u00e7\u00e3o do Tribunal de Contas do Estado, como tamb\u00e9m, do Minist\u00e9rio P\u00fablico Estadual proibindo o Poder Executivo de realizar quaisquer obras na avenida. \u201cTemos que cumprir regras e determina\u00e7\u00f5es dos \u00f3rg\u00e3os que regulam as a\u00e7\u00f5es da prefeitura. A sugest\u00e3o dada\u00a0 \u00e9 que seja feita uma audi\u00eancia p\u00fablica envolvendo C\u00e2mara Municipal, Minist\u00e9rio P\u00fablico, Prefeitura e demais Pastas envolvidas com a obra, moradores e comerciantes da regi\u00e3o, para buscarmos juntos uma solu\u00e7\u00e3o para a demanda \u201d sugeriu.<\/p>\n<p>&nbsp;<\/p>\n","protected":false},"excerpt":{"rendered":"<p>Na sess\u00e3o de quarta-feira, 20, os vereadores usaram a tribuna da C\u00e2mara de Palmas, para cobrarem solu\u00e7\u00f5es da Prefeitura Municipal, quanto aos problemas da Avenida\u00a0 Tocantins. A revitaliza\u00e7\u00e3o que foi realizada n\u00e3o agaradou os comerciantes do entorno da via. Eles reclamam que as vendas dimimuiram muito depois das reformas. Os moradores da ar\u00e9a tamb\u00e9m tem [&hellip;]<\/p>\n","protected":false},"author":2,"featured_media":2687,"comment_status":"open","ping_status":"open","sticky":false,"template":"","format":"standard","meta":[],"categories":[8,2,4],"tags":[],"_links":{"self":[{"href":"https:\/\/dgospel.com.br\/portal\/index.php\/wp-json\/wp\/v2\/posts\/2686"}],"collection":[{"href":"https:\/\/dgospel.com.br\/portal\/index.php\/wp-json\/wp\/v2\/posts"}],"about":[{"href":"https:\/\/dgospel.com.br\/portal\/index.php\/wp-json\/wp\/v2\/types\/post"}],"author":[{"embeddable":true,"href":"https:\/\/dgospel.com.br\/portal\/index.php\/wp-json\/wp\/v2\/users\/2"}],"replies":[{"embeddable":true,"href":"https:\/\/dgospel.com.br\/portal\/index.php\/wp-json\/wp\/v2\/comments?post=2686"}],"version-history":[{"count":1,"href":"https:\/\/dgospel.com.br\/portal\/index.php\/wp-json\/wp\/v2\/posts\/2686\/revisions"}],"predecessor-version":[{"id":2688,"href":"https:\/\/dgospel.com.br\/portal\/index.php\/wp-json\/wp\/v2\/posts\/2686\/revisions\/2688"}],"wp:featuredmedia":[{"embeddable":true,"href":"https:\/\/dgospel.com.br\/portal\/index.php\/wp-json\/wp\/v2\/media\/2687"}],"wp:attachment":[{"href":"https:\/\/dgospel.com.br\/portal\/index.php\/wp-json\/wp\/v2\/media?parent=2686"}],"wp:term":[{"taxonomy":"category","embeddable":true,"href":"https:\/\/dgospel.com.br\/portal\/index.php\/wp-json\/wp\/v2\/categories?post=2686"},{"taxonomy":"post_tag","embeddable":true,"href":"https:\/\/dgospel.com.br\/portal\/index.php\/wp-json\/wp\/v2\/tags?post=2686"}],"curies":[{"name":"wp","href":"https:\/\/api.w.org\/{rel}","templated":true}]}}