{"id":2692,"date":"2019-02-20T23:52:55","date_gmt":"2019-02-21T02:52:55","guid":{"rendered":"http:\/\/dgospel.com.br\/portal\/?p=2692"},"modified":"2019-02-20T23:52:55","modified_gmt":"2019-02-21T02:52:55","slug":"stf-celso-de-mello-vota-para-que-homofobia-seja-enquadrada-como-crime-de-racismo","status":"publish","type":"post","link":"https:\/\/dgospel.com.br\/portal\/index.php\/2019\/02\/20\/stf-celso-de-mello-vota-para-que-homofobia-seja-enquadrada-como-crime-de-racismo\/","title":{"rendered":"STF: Celso de Mello vota para que homofobia seja enquadrada como crime de racismo"},"content":{"rendered":"<p>O ministro Celso de Mello, do Supremo Tribunal Federal (STF), relator de uma das duas a\u00e7\u00f5es sobre a criminaliza\u00e7\u00e3o da homofobia que est\u00e1 em julgamento na Corte, defendeu que a discrimina\u00e7\u00e3o contra homossexuais seja equiparada ao crime de racismo. Celso de Mello concluiu o voto no in\u00edcio da noite desta quarta-feira (20).<\/p>\n<p>De acordo com o ministro, a Constitui\u00e7\u00e3o Federal prev\u00ea que o conceito de racismo n\u00e3o se aplica somente \u00e0 popula\u00e7\u00e3o negra, mas abrange tamb\u00e9m a discrimina\u00e7\u00e3o a outros grupos minorit\u00e1rios.<\/p>\n<p>\u201cO problema da homofobia supera a quest\u00e3o gay, inscrevendo-se na mesma l\u00f3gica de intoler\u00e2ncia que em diferentes momentos da hist\u00f3ria produziu a exclus\u00e3o tanto dos escravos e dos judeus, quanto dos protestantes. Tenho para mim, por isso mesmo, que a configura\u00e7\u00e3o de atos homof\u00f3bicos e de atos transf\u00f3bicos como formas contempor\u00e2neas de racismo&#8221;, afirmou o ministro.<\/p>\n<p>Celso de Mello foi o primeiro ministro do Supremo a concluir seu parecer a respeito do assunto. O tema ainda ser\u00e1 analisado por outros 10 ministros para que a Corte chegue a uma conclus\u00e3o.<\/p>\n<p>As a\u00e7\u00f5es que est\u00e3o sendo julgadas pelo Supremo Tribunal Federal sustentam que o Congresso Nacional tem se omitido de debater a criminaliza\u00e7\u00e3o da homofobia e, por isso, pedem para que a Suprema Corte enquadre as condutas como crime de racismo.<\/p>\n<p>O assunto, por\u00e9m, gera pol\u00eamica no mundo jur\u00eddico e pol\u00edtico, uma vez que, para muitos especialistas, o STF estaria extrapolando suas fun\u00e7\u00f5es e entrando na compet\u00eancia do Legislativo.<\/p>\n","protected":false},"excerpt":{"rendered":"<p>O ministro Celso de Mello, do Supremo Tribunal Federal (STF), relator de uma das duas a\u00e7\u00f5es sobre a criminaliza\u00e7\u00e3o da homofobia que est\u00e1 em julgamento na Corte, defendeu que a discrimina\u00e7\u00e3o contra homossexuais seja equiparada ao crime de racismo. Celso de Mello concluiu o voto no in\u00edcio da noite desta quarta-feira (20). De acordo com [&hellip;]<\/p>\n","protected":false},"author":2,"featured_media":2693,"comment_status":"open","ping_status":"open","sticky":false,"template":"","format":"standard","meta":[],"categories":[2,6],"tags":[],"_links":{"self":[{"href":"https:\/\/dgospel.com.br\/portal\/index.php\/wp-json\/wp\/v2\/posts\/2692"}],"collection":[{"href":"https:\/\/dgospel.com.br\/portal\/index.php\/wp-json\/wp\/v2\/posts"}],"about":[{"href":"https:\/\/dgospel.com.br\/portal\/index.php\/wp-json\/wp\/v2\/types\/post"}],"author":[{"embeddable":true,"href":"https:\/\/dgospel.com.br\/portal\/index.php\/wp-json\/wp\/v2\/users\/2"}],"replies":[{"embeddable":true,"href":"https:\/\/dgospel.com.br\/portal\/index.php\/wp-json\/wp\/v2\/comments?post=2692"}],"version-history":[{"count":1,"href":"https:\/\/dgospel.com.br\/portal\/index.php\/wp-json\/wp\/v2\/posts\/2692\/revisions"}],"predecessor-version":[{"id":2694,"href":"https:\/\/dgospel.com.br\/portal\/index.php\/wp-json\/wp\/v2\/posts\/2692\/revisions\/2694"}],"wp:featuredmedia":[{"embeddable":true,"href":"https:\/\/dgospel.com.br\/portal\/index.php\/wp-json\/wp\/v2\/media\/2693"}],"wp:attachment":[{"href":"https:\/\/dgospel.com.br\/portal\/index.php\/wp-json\/wp\/v2\/media?parent=2692"}],"wp:term":[{"taxonomy":"category","embeddable":true,"href":"https:\/\/dgospel.com.br\/portal\/index.php\/wp-json\/wp\/v2\/categories?post=2692"},{"taxonomy":"post_tag","embeddable":true,"href":"https:\/\/dgospel.com.br\/portal\/index.php\/wp-json\/wp\/v2\/tags?post=2692"}],"curies":[{"name":"wp","href":"https:\/\/api.w.org\/{rel}","templated":true}]}}