{"id":2695,"date":"2019-02-20T23:55:45","date_gmt":"2019-02-21T02:55:45","guid":{"rendered":"http:\/\/dgospel.com.br\/portal\/?p=2695"},"modified":"2019-02-20T23:55:45","modified_gmt":"2019-02-21T02:55:45","slug":"carlesse-passa-a-integrar-grupos-de-trabalho-para-avaliar-previdencia-e-recuperacao-dos-estados","status":"publish","type":"post","link":"https:\/\/dgospel.com.br\/portal\/index.php\/2019\/02\/20\/carlesse-passa-a-integrar-grupos-de-trabalho-para-avaliar-previdencia-e-recuperacao-dos-estados\/","title":{"rendered":"Carlesse passa a integrar grupos de trabalho para avaliar previd\u00eancia e recupera\u00e7\u00e3o dos estados"},"content":{"rendered":"<p>A participa\u00e7\u00e3o do governador do Estado do Tocantins, Mauro Carlesse, no 3\u00ba F\u00f3rum de Governadores, em Bras\u00edlia (DF), nesta quarta-feira, 20, resultou em sua inclus\u00e3o, a partir de ent\u00e3o, em dois grupos de trabalho formados por governadores, que ir\u00e3o avaliar e discutir tanto o regime pr\u00f3prio de Previd\u00eancia dos Estados como tamb\u00e9m as medidas emergenciais da Uni\u00e3o para socorrer as unidades da Federa\u00e7\u00e3o.<\/p>\n<p>Durante toda a manh\u00e3 e o in\u00edcio da tarde desta quarta-feira, 22 governadores estiveram reunidos em Bras\u00edlia e ouviram apresenta\u00e7\u00f5es do ministro-chefe da secretaria de Governo da Presid\u00eancia da Rep\u00fablica, general Santos Cruz; do secret\u00e1rio especial de Previd\u00eancia e Trabalho do Minist\u00e9rio da Economia, Rog\u00e9rio Marinho; do ministro da Economia, Paulo Guedes; e, por fim, do presidente do Senado, Davi Alcolumbre.<\/p>\n<p>Ao final das apresenta\u00e7\u00f5es, os governadores debateram os temas apresentados e tamb\u00e9m a situa\u00e7\u00e3o da cada Estado. O governador Mauro Carlesse considerou o evento positivo, pois foi uma oportunidade de realizar encaminhamentos, objetivando a recupera\u00e7\u00e3o fiscal dos Estados; e tamb\u00e9m possibilitou o in\u00edcio da discuss\u00e3o da reforma da Previd\u00eancia, apresentada pelo presidente da Rep\u00fablica, Jair Bolsonaro, ao Congresso Nacional. Este tamb\u00e9m foi o tema apresentado pelo ministro Paulo Guedes aos governadores presentes no F\u00f3rum. \u00a0\u201cO encontro foi positivo, pois nosso objetivo era mesmo encaminhar solu\u00e7\u00f5es para a crise dos Estados e tivemos essa oportunidade. Vamos, agora, integrar esses grupos de trabalho e esperamos ter tamb\u00e9m um resultado positivo\u201d, afirmou o governador.<\/p>\n<p>Mauro Carlesse informou ainda que cada Estado, agora, ir\u00e1 trabalhar na formata\u00e7\u00e3o de propostas, que ser\u00e3o apresentadas e avaliadas na pr\u00f3xima reuni\u00e3o do F\u00f3rum de Governadores, marcada para o dia 19 de mar\u00e7o.<\/p>\n<p>Acompanharam o governador Mauro Carlesse, o secret\u00e1rio da Casa Civil, Rolf Vidal; o secret\u00e1rio da Infraestrutura, Cidades e Habita\u00e7\u00e3o, Renato de Assun\u00e7\u00e3o; o secret\u00e1rio da Fazenda e Planejamento, Sandro Henrique Armando e o secret\u00e1rio-executivo de Planejamento, Sergislei Silva de Moura.<\/p>\n","protected":false},"excerpt":{"rendered":"<p>A participa\u00e7\u00e3o do governador do Estado do Tocantins, Mauro Carlesse, no 3\u00ba F\u00f3rum de Governadores, em Bras\u00edlia (DF), nesta quarta-feira, 20, resultou em sua inclus\u00e3o, a partir de ent\u00e3o, em dois grupos de trabalho formados por governadores, que ir\u00e3o avaliar e discutir tanto o regime pr\u00f3prio de Previd\u00eancia dos Estados como tamb\u00e9m as medidas emergenciais [&hellip;]<\/p>\n","protected":false},"author":2,"featured_media":2696,"comment_status":"open","ping_status":"open","sticky":false,"template":"","format":"standard","meta":[],"categories":[2,4],"tags":[],"_links":{"self":[{"href":"https:\/\/dgospel.com.br\/portal\/index.php\/wp-json\/wp\/v2\/posts\/2695"}],"collection":[{"href":"https:\/\/dgospel.com.br\/portal\/index.php\/wp-json\/wp\/v2\/posts"}],"about":[{"href":"https:\/\/dgospel.com.br\/portal\/index.php\/wp-json\/wp\/v2\/types\/post"}],"author":[{"embeddable":true,"href":"https:\/\/dgospel.com.br\/portal\/index.php\/wp-json\/wp\/v2\/users\/2"}],"replies":[{"embeddable":true,"href":"https:\/\/dgospel.com.br\/portal\/index.php\/wp-json\/wp\/v2\/comments?post=2695"}],"version-history":[{"count":1,"href":"https:\/\/dgospel.com.br\/portal\/index.php\/wp-json\/wp\/v2\/posts\/2695\/revisions"}],"predecessor-version":[{"id":2697,"href":"https:\/\/dgospel.com.br\/portal\/index.php\/wp-json\/wp\/v2\/posts\/2695\/revisions\/2697"}],"wp:featuredmedia":[{"embeddable":true,"href":"https:\/\/dgospel.com.br\/portal\/index.php\/wp-json\/wp\/v2\/media\/2696"}],"wp:attachment":[{"href":"https:\/\/dgospel.com.br\/portal\/index.php\/wp-json\/wp\/v2\/media?parent=2695"}],"wp:term":[{"taxonomy":"category","embeddable":true,"href":"https:\/\/dgospel.com.br\/portal\/index.php\/wp-json\/wp\/v2\/categories?post=2695"},{"taxonomy":"post_tag","embeddable":true,"href":"https:\/\/dgospel.com.br\/portal\/index.php\/wp-json\/wp\/v2\/tags?post=2695"}],"curies":[{"name":"wp","href":"https:\/\/api.w.org\/{rel}","templated":true}]}}