{"id":2698,"date":"2019-02-21T15:29:45","date_gmt":"2019-02-21T18:29:45","guid":{"rendered":"http:\/\/dgospel.com.br\/portal\/?p=2698"},"modified":"2019-02-21T15:29:45","modified_gmt":"2019-02-21T18:29:45","slug":"duzentos-jovens-se-reunem-para-realizar-flash-mob-em-alusao-ao-palmas-capital-da-fe-2019","status":"publish","type":"post","link":"https:\/\/dgospel.com.br\/portal\/index.php\/2019\/02\/21\/duzentos-jovens-se-reunem-para-realizar-flash-mob-em-alusao-ao-palmas-capital-da-fe-2019\/","title":{"rendered":"Duzentos jovens se re\u00fanem para realizar Flash Mob em alus\u00e3o ao Palmas Capital da F\u00e9 2019"},"content":{"rendered":"<div>\n<p class=\"yiv5376766858MsoNormal\">Cerca de 200 jovens se reunir\u00e3o no final da tarde deste s\u00e1bado, 23, \u00e0s 17 horas, no estacionamento do Parque Cesamar para realiza\u00e7\u00e3o de uma interven\u00e7\u00e3o de dan\u00e7a (<i>Flash Mob).<\/i>\u00a0Segundo os organizadores o intuito \u00e9 de divulgar o Capital da F\u00e9 2019, por meio da dan\u00e7a e f\u00e9 crist\u00e3.<\/p>\n<p class=\"yiv5376766858MsoNormal\">Segundo um dos idealizadores e core\u00f3grafo do evento, Pastor W\u00e2nio Braga, al\u00e9m de divulgar o Palmas Capital da F\u00e9, a interven\u00e7\u00e3o tamb\u00e9m quer passar a mensagens de alegria e f\u00e9 aos jovens. \u201cQueremos tamb\u00e9m passar a mensagem de que \u00e9 poss\u00edvel dan\u00e7ar e se divertir sem uso de drogas e \u00e1lcool, e o Capital da F\u00e9 vem a colaborar com esta mensagem que queremos passar aos jovens\u201d, enfatiza o core\u00f3grafo.<\/p>\n<p class=\"yiv5376766858MsoNormal\">O core\u00f3grafo aproveitou para convidar a todos que queiram fazer parte deste momento. \u201cQuem quiser participar, a coreografia est\u00e1 dispon\u00edvel na p\u00e1gina do\u00a0<i>youtube<\/i>\u00a0\u2018<i>Flash mob\u2019<\/i>Igreja de Cristo Palmas cia de Artes Mant\u201d, e ensaiar e aparecer por l\u00e1, n\u00e3o importa sua religi\u00e3o\u201d, ressaltou o artista.<\/p>\n<p class=\"yiv5376766858MsoNormal\">O evento \u00e9 uma realiza\u00e7\u00e3o Cia de Artes Mants, em parceria a Ag\u00eancia Municipal de Turismo (Agtur).<\/p>\n<p class=\"yiv5376766858MsoNormal\">\u00a0<b>Flash Mobs<\/b><\/p>\n<p class=\"yiv5376766858MsoNormal\">S\u00e3o aglomera\u00e7\u00f5es instant\u00e2neas de pessoas em um local p\u00fablico para realizar determinada a\u00e7\u00e3o inusitada previamente combinada, estas se dispersando t\u00e3o rapidamente quanto se reuniram. A express\u00e3o geralmente se aplica a reuni\u00f5es organizadas atrav\u00e9s de e-mails ou meios de comunica\u00e7\u00e3o social.<\/p>\n<\/div>\n<div>\n<div class=\"yiv5376766858gmail_signature\" dir=\"ltr\">\n<div dir=\"ltr\">\n<div>\n<div dir=\"ltr\">\n<div><\/div>\n<\/div>\n<\/div>\n<\/div>\n<\/div>\n<\/div>\n","protected":false},"excerpt":{"rendered":"<p>Cerca de 200 jovens se reunir\u00e3o no final da tarde deste s\u00e1bado, 23, \u00e0s 17 horas, no estacionamento do Parque Cesamar para realiza\u00e7\u00e3o de uma interven\u00e7\u00e3o de dan\u00e7a (Flash Mob).\u00a0Segundo os organizadores o intuito \u00e9 de divulgar o Capital da F\u00e9 2019, por meio da dan\u00e7a e f\u00e9 crist\u00e3. Segundo um dos idealizadores e core\u00f3grafo [&hellip;]<\/p>\n","protected":false},"author":2,"featured_media":2699,"comment_status":"open","ping_status":"open","sticky":false,"template":"","format":"standard","meta":[],"categories":[2,5],"tags":[],"_links":{"self":[{"href":"https:\/\/dgospel.com.br\/portal\/index.php\/wp-json\/wp\/v2\/posts\/2698"}],"collection":[{"href":"https:\/\/dgospel.com.br\/portal\/index.php\/wp-json\/wp\/v2\/posts"}],"about":[{"href":"https:\/\/dgospel.com.br\/portal\/index.php\/wp-json\/wp\/v2\/types\/post"}],"author":[{"embeddable":true,"href":"https:\/\/dgospel.com.br\/portal\/index.php\/wp-json\/wp\/v2\/users\/2"}],"replies":[{"embeddable":true,"href":"https:\/\/dgospel.com.br\/portal\/index.php\/wp-json\/wp\/v2\/comments?post=2698"}],"version-history":[{"count":1,"href":"https:\/\/dgospel.com.br\/portal\/index.php\/wp-json\/wp\/v2\/posts\/2698\/revisions"}],"predecessor-version":[{"id":2700,"href":"https:\/\/dgospel.com.br\/portal\/index.php\/wp-json\/wp\/v2\/posts\/2698\/revisions\/2700"}],"wp:featuredmedia":[{"embeddable":true,"href":"https:\/\/dgospel.com.br\/portal\/index.php\/wp-json\/wp\/v2\/media\/2699"}],"wp:attachment":[{"href":"https:\/\/dgospel.com.br\/portal\/index.php\/wp-json\/wp\/v2\/media?parent=2698"}],"wp:term":[{"taxonomy":"category","embeddable":true,"href":"https:\/\/dgospel.com.br\/portal\/index.php\/wp-json\/wp\/v2\/categories?post=2698"},{"taxonomy":"post_tag","embeddable":true,"href":"https:\/\/dgospel.com.br\/portal\/index.php\/wp-json\/wp\/v2\/tags?post=2698"}],"curies":[{"name":"wp","href":"https:\/\/api.w.org\/{rel}","templated":true}]}}