{"id":270,"date":"2018-05-21T09:07:13","date_gmt":"2018-05-21T12:07:13","guid":{"rendered":"http:\/\/dgospel.com.br\/portal\/?p=270"},"modified":"2018-05-21T09:07:13","modified_gmt":"2018-05-21T12:07:13","slug":"justica-manda-katia-abreu-retirar-propaganda-ilegal-do-facebook","status":"publish","type":"post","link":"https:\/\/dgospel.com.br\/portal\/index.php\/2018\/05\/21\/justica-manda-katia-abreu-retirar-propaganda-ilegal-do-facebook\/","title":{"rendered":"Justi\u00e7a manda K\u00e1tia Abreu retirar propaganda ilegal do Facebook"},"content":{"rendered":"<p>Em decis\u00e3o no final da manh\u00e3 deste domingo, dia 20, a Justi\u00e7a Eleitoral mandou a senadora-candidata K\u00e1tia Abreu retirar do seu Facebook propaganda de autopromo\u00e7\u00e3o ilegal. A senadora desrespeitou a lei e utilizou o mecanismo de impulsionamento de postagem com v\u00eddeo sem constar informa\u00e7\u00f5es indispens\u00e1veis previstas na legisla\u00e7\u00e3o como o n\u00famero do CNPJ (Cadastro Nacional de Pessoa Jur\u00eddica) ou CPF (Cadastro de pessoas F\u00edsicas) do respons\u00e1vel pela postagem, al\u00e9m da aus\u00eancia do termo \u201cpropaganda eleitoral\u201d, que \u00e9 obrigat\u00f3rio.<\/p>\n<p>A decis\u00e3o liminar da Justi\u00e7a foi expedida pela desembargadora Etelvina Maria Sampaio Felipe. A magistrada atendeu representa\u00e7\u00e3o da coliga\u00e7\u00e3o \u201cA Verdadeira Mudan\u00e7a\u201d.<\/p>\n<p>\u201cAo acessar o link:\u00a0<a href=\"https:\/\/www.facebook.com\/katiaabreugov\/posts\/1627423094041623\">https:\/\/www.facebook.com\/katiaabreugov\/posts\/1627423094041623<\/a>,\u00a0 observa-se um post: \u2018O IBOPE CONFIRMA: K\u00c1TIA NA FRENTE\u2019, com imagem em destaque da candidata K\u00e1tia Abreu, no qual n\u00e3o constam o CNPJ da coliga\u00e7\u00e3o nem a informa\u00e7\u00e3o de tratar-se de &#8220;propaganda eleitoral&#8221;, destaca a magistrada, ao apontar a falta dos elementos m\u00ednimos.<\/p>\n<p>A desembargadora estipulou prazo de at\u00e9 48 horas para K\u00e1tia tirar a propaganda do ar ou fazer todas as adequa\u00e7\u00f5es necess\u00e1rias.<\/p>\n<p>A decis\u00e3o da Justi\u00e7a est\u00e1 disponibilizada aqui:\u00a0<a href=\"http:\/\/apps.tre-to.jus.br\/mural\/api\/313\/decisao\/pje\">http:\/\/apps.tre-to.jus.br\/mural\/api\/313\/decisao\/pje<\/a>.<\/p>\n<p>&nbsp;<\/p>\n","protected":false},"excerpt":{"rendered":"<p>Em decis\u00e3o no final da manh\u00e3 deste domingo, dia 20, a Justi\u00e7a Eleitoral mandou a senadora-candidata K\u00e1tia Abreu retirar do seu Facebook propaganda de autopromo\u00e7\u00e3o ilegal. A senadora desrespeitou a lei e utilizou o mecanismo de impulsionamento de postagem com v\u00eddeo sem constar informa\u00e7\u00f5es indispens\u00e1veis previstas na legisla\u00e7\u00e3o como o n\u00famero do CNPJ (Cadastro Nacional [&hellip;]<\/p>\n","protected":false},"author":2,"featured_media":271,"comment_status":"open","ping_status":"open","sticky":false,"template":"","format":"standard","meta":[],"categories":[2,4],"tags":[],"_links":{"self":[{"href":"https:\/\/dgospel.com.br\/portal\/index.php\/wp-json\/wp\/v2\/posts\/270"}],"collection":[{"href":"https:\/\/dgospel.com.br\/portal\/index.php\/wp-json\/wp\/v2\/posts"}],"about":[{"href":"https:\/\/dgospel.com.br\/portal\/index.php\/wp-json\/wp\/v2\/types\/post"}],"author":[{"embeddable":true,"href":"https:\/\/dgospel.com.br\/portal\/index.php\/wp-json\/wp\/v2\/users\/2"}],"replies":[{"embeddable":true,"href":"https:\/\/dgospel.com.br\/portal\/index.php\/wp-json\/wp\/v2\/comments?post=270"}],"version-history":[{"count":1,"href":"https:\/\/dgospel.com.br\/portal\/index.php\/wp-json\/wp\/v2\/posts\/270\/revisions"}],"predecessor-version":[{"id":272,"href":"https:\/\/dgospel.com.br\/portal\/index.php\/wp-json\/wp\/v2\/posts\/270\/revisions\/272"}],"wp:featuredmedia":[{"embeddable":true,"href":"https:\/\/dgospel.com.br\/portal\/index.php\/wp-json\/wp\/v2\/media\/271"}],"wp:attachment":[{"href":"https:\/\/dgospel.com.br\/portal\/index.php\/wp-json\/wp\/v2\/media?parent=270"}],"wp:term":[{"taxonomy":"category","embeddable":true,"href":"https:\/\/dgospel.com.br\/portal\/index.php\/wp-json\/wp\/v2\/categories?post=270"},{"taxonomy":"post_tag","embeddable":true,"href":"https:\/\/dgospel.com.br\/portal\/index.php\/wp-json\/wp\/v2\/tags?post=270"}],"curies":[{"name":"wp","href":"https:\/\/api.w.org\/{rel}","templated":true}]}}